{"id":7979,"date":"2021-01-13T12:45:16","date_gmt":"2021-01-13T11:45:16","guid":{"rendered":"https:\/\/meier-gerdingh.de\/wp-spd-ob\/?p=7979"},"modified":"2021-01-14T12:47:16","modified_gmt":"2021-01-14T11:47:16","slug":"impfung-von-menschen-ueber-80-sicherstellen","status":"publish","type":"post","link":"https:\/\/meier-gerdingh.de\/wp-spd-ob\/2021\/01\/13\/impfung-von-menschen-ueber-80-sicherstellen\/","title":{"rendered":"Impfung von Menschen \u00fcber 80 sicherstellen"},"content":{"rendered":"<div id=\"attachment_4242\" style=\"width: 150px\" class=\"wp-caption alignleft\"><a href=\"https:\/\/meier-gerdingh.de\/wp-spd-ob\/wp-content\/uploads\/2017\/05\/zimkeit_stefan_17.jpg\"><img aria-describedby=\"caption-attachment-4242\" decoding=\"async\" class=\"size-full wp-image-4242\" src=\"https:\/\/meier-gerdingh.de\/wp-spd-ob\/wp-content\/uploads\/2017\/05\/zimkeit_stefan_17.jpg\" alt=\"\" width=\"140\" height=\"192\" \/><\/a><p id=\"caption-attachment-4242\" class=\"wp-caption-text\">Stefan Zimkeit ist Landtagsabgeordneter f\u00fcr Oberhausen-Sterkrade und Dinslaken sowie haushalts- und finanzpolitischer Sprecher der SPD-Landtagsfraktion<\/p><\/div>\n<p>&#8222;Seniorinnen und Senioren, die \u00fcber 80 Jahre alt sind, d\u00fcrfen mit der Organisation ihrer Impfung nicht alleine gelassen werden&#8220;, fordert Stefan Zimkeit (SPD). &#8222;Notwendig ist eine Unterst\u00fctzung bei der Terminvereinbarung und der Anfahrt sowie eine \u00dcbernahme eventuell anfallender Taxikosten&#8220;.<\/p>\n<p>Im Februar wird in den Impfzentren begonnen, die hochbetagten Menschen zu immunisieren. &#8222;Unser gemeinsames Ziel muss sein, dass alle, die geimpft werden wollen, dies schnellst m\u00f6glich tun k\u00f6nnen&#8220;, betont der Landtagsabgeordnete. &#8222;Doch nicht alle Betroffenen k\u00f6nnen von ihren Familienangeh\u00f6rigen dabei unterst\u00fctzt werden.&#8220;<!--more--><\/p>\n<p>In K\u00fcrze werden die Seniorinnen und Senioren angeschrieben, damit sie telefonisch oder \u00fcber das Internet einen Termin vereinbaren. &#8222;Hierbei muss sichergestellt werden, dass niemand durchs Rost f\u00e4llt.&#8220; Dies gelte insbesondere, weil die Landesregierung bereits angek\u00fcndigt hat, dass es bei der Terminvereinbarung &#8222;ruckeln&#8220; wird.<\/p>\n<p>Zimkeit fordert, dass alle Betroffenen, die sich nicht selbstst\u00e4ndig zur\u00fcckmelden, kontaktiert und befragt werden, ob sie einen Impftermin w\u00fcnschen. Um sicherzustellen, dass auch weniger mobile Menschen die Impfzentren erreichen, schlie\u00dft sich Stefan Zimkeit der Forderung des St\u00e4dtetages an, dass das Land die Taxikosten finanzieren soll.<\/p>\n<p>&#8222;Die Impfkampagne muss ein Erfolg werden. Deshalb m\u00fcssen wir alle Anstrengungen unternehmen, dass sie funktioniert&#8220;, unterstreicht Zimkeit. &#8222;Das gilt insbesondere bei den \u00e4lteren Menschen, die besonders gef\u00e4hrdet sind.&#8220;<\/p>\n","protected":false},"excerpt":{"rendered":"<p>&#8222;Seniorinnen und Senioren, die \u00fcber 80 Jahre alt sind, d\u00fcrfen mit der Organisation ihrer Impfung nicht alleine gelassen werden&#8220;, fordert Stefan Zimkeit (SPD). &#8222;Notwendig ist eine Unterst\u00fctzung bei der Terminvereinbarung&hellip; <\/p>\n","protected":false},"author":1,"featured_media":0,"comment_status":"closed","ping_status":"closed","sticky":false,"template":"","format":"standard","meta":{"footnotes":""},"categories":[2275,854],"tags":[2662,2663,2463,2223,2228,2218],"quellen":[331],"class_list":["post-7979","post","type-post","status-publish","format-standard","hentry","category-corona-krise","category-senioren","tag-corona-impfung","tag-corona-impfzentren","tag-corona-pandemie","tag-coronavirus","tag-coronavirus-krise","tag-covid-19-krise","quellen-mdl-stefan-zimkeit"],"_links":{"self":[{"href":"https:\/\/meier-gerdingh.de\/wp-spd-ob\/wp-json\/wp\/v2\/posts\/7979","targetHints":{"allow":["GET"]}}],"collection":[{"href":"https:\/\/meier-gerdingh.de\/wp-spd-ob\/wp-json\/wp\/v2\/posts"}],"about":[{"href":"https:\/\/meier-gerdingh.de\/wp-spd-ob\/wp-json\/wp\/v2\/types\/post"}],"author":[{"embeddable":true,"href":"https:\/\/meier-gerdingh.de\/wp-spd-ob\/wp-json\/wp\/v2\/users\/1"}],"replies":[{"embeddable":true,"href":"https:\/\/meier-gerdingh.de\/wp-spd-ob\/wp-json\/wp\/v2\/comments?post=7979"}],"version-history":[{"count":0,"href":"https:\/\/meier-gerdingh.de\/wp-spd-ob\/wp-json\/wp\/v2\/posts\/7979\/revisions"}],"wp:attachment":[{"href":"https:\/\/meier-gerdingh.de\/wp-spd-ob\/wp-json\/wp\/v2\/media?parent=7979"}],"wp:term":[{"taxonomy":"category","embeddable":true,"href":"https:\/\/meier-gerdingh.de\/wp-spd-ob\/wp-json\/wp\/v2\/categories?post=7979"},{"taxonomy":"post_tag","embeddable":true,"href":"https:\/\/meier-gerdingh.de\/wp-spd-ob\/wp-json\/wp\/v2\/tags?post=7979"},{"taxonomy":"quellen","embeddable":true,"href":"https:\/\/meier-gerdingh.de\/wp-spd-ob\/wp-json\/wp\/v2\/quellen?post=7979"}],"curies":[{"name":"wp","href":"https:\/\/api.w.org\/{rel}","templated":true}]}}