{"id":7985,"date":"2021-01-20T16:17:32","date_gmt":"2021-01-20T15:17:32","guid":{"rendered":"https:\/\/meier-gerdingh.de\/wp-spd-ob\/?p=7985"},"modified":"2021-01-20T16:17:32","modified_gmt":"2021-01-20T15:17:32","slug":"land-soll-ffp2-masken-beschaffen","status":"publish","type":"post","link":"https:\/\/meier-gerdingh.de\/wp-spd-ob\/2021\/01\/20\/land-soll-ffp2-masken-beschaffen\/","title":{"rendered":"Land soll FFP2-Masken beschaffen"},"content":{"rendered":"<div id=\"attachment_4242\" style=\"width: 150px\" class=\"wp-caption alignleft\"><a href=\"https:\/\/meier-gerdingh.de\/wp-spd-ob\/wp-content\/uploads\/2017\/05\/zimkeit_stefan_17.jpg\"><img aria-describedby=\"caption-attachment-4242\" decoding=\"async\" class=\"size-full wp-image-4242\" src=\"https:\/\/meier-gerdingh.de\/wp-spd-ob\/wp-content\/uploads\/2017\/05\/zimkeit_stefan_17.jpg\" alt=\"\" width=\"140\" height=\"192\" \/><\/a><p id=\"caption-attachment-4242\" class=\"wp-caption-text\">Stefan Zimkeit ist Landtagsabgeordneter f\u00fcr Oberhausen-Sterkrade und Dinslaken sowie haushalts- und finanzpolitischer Sprecher der SPD-Landtagsfraktion<\/p><\/div>\n<p>Stefan Zimkeit beantragt im Haushaltsausschuss des Landtags, 500 Millionen Euro f\u00fcr die Beschaffung von FFP2-Masken bereitzustellen. &#8222;Diese bedeuten einen h\u00f6heren Schutz vor Infektionen als Alltagsmasken.&#8220;<\/p>\n<p>Zimkeit geht davon aus, dass nach dem Beschluss der Bund-L\u00e4nder-Konferenz, beim Einkaufen sowie in Bus und Bahn medizinische Masken zur Pflicht zu machen, die Nachfrage nach dem FFP2-Schutz erheblich ansteigen wird. &#8222;Ich bef\u00fcrchte, dass FFP2-Masken nun deutlich teurer werden. Das Land NRW hat aber die M\u00f6glichkeit, g\u00fcnstigere Preise zu erzielen, wenn es gro\u00dfe Mengen einkauft.&#8220;<!--more--><\/p>\n<p>Stefan Zimkeit m\u00f6chte nicht nur sicherstellen, dass das Land seinen Besch\u00e4ftigten, zu denen unter anderem das Personal der Polizei und an Schulen geh\u00f6rt, FFP2-Atemschutzmasken in ausreichender Zahl zur Verf\u00fcgung stellen kann.<\/p>\n<p>&#8222;Auch B\u00fcrgerinnen und B\u00fcrger mit geringem Einkommen m\u00fcssen die Chance haben, sich und andere in optimaler Weise zu sch\u00fctzen&#8220;, betont der finanzpolitische Sprecher der SPD-Fraktion. &#8222;Dies gilt unabh\u00e4ngig davon, ob der FFP2-Standard verpflichtend vorgeschrieben ist oder nicht&#8220;, weist Stefan Zimkeit auf die hohe Ansteckungsgefahr durch die B117-Mutation hin.<\/p>\n<p>Durch das Programm solle auch sichergestellt werden, dass bei erh\u00f6hter Nachfrage die Maskenversorgung besonders sensibler Bereiche wie Krankenh\u00e4user, Altenheime, ambulante Pflege und Kitas sichergestellt werden kann, hei\u00dft es in dem Haushaltsantrag. Au\u00dferdem dr\u00e4ngt Zimkeit darauf, dass das Land die St\u00e4dte dabei unterst\u00fctzt, deren Besch\u00e4ftigte mit FFP2-Masken auszustatten.<\/p>\n","protected":false},"excerpt":{"rendered":"<p>Stefan Zimkeit beantragt im Haushaltsausschuss des Landtags, 500 Millionen Euro f\u00fcr die Beschaffung von FFP2-Masken bereitzustellen. &#8222;Diese bedeuten einen h\u00f6heren Schutz vor Infektionen als Alltagsmasken.&#8220; Zimkeit geht davon aus, dass&hellip; <\/p>\n","protected":false},"author":1,"featured_media":0,"comment_status":"closed","ping_status":"closed","sticky":false,"template":"","format":"standard","meta":{"footnotes":""},"categories":[2275,216],"tags":[2463,2223,2228,2218,2668],"quellen":[331],"class_list":["post-7985","post","type-post","status-publish","format-standard","hentry","category-corona-krise","category-land","tag-corona-pandemie","tag-coronavirus","tag-coronavirus-krise","tag-covid-19-krise","tag-ffp2-masken","quellen-mdl-stefan-zimkeit"],"_links":{"self":[{"href":"https:\/\/meier-gerdingh.de\/wp-spd-ob\/wp-json\/wp\/v2\/posts\/7985","targetHints":{"allow":["GET"]}}],"collection":[{"href":"https:\/\/meier-gerdingh.de\/wp-spd-ob\/wp-json\/wp\/v2\/posts"}],"about":[{"href":"https:\/\/meier-gerdingh.de\/wp-spd-ob\/wp-json\/wp\/v2\/types\/post"}],"author":[{"embeddable":true,"href":"https:\/\/meier-gerdingh.de\/wp-spd-ob\/wp-json\/wp\/v2\/users\/1"}],"replies":[{"embeddable":true,"href":"https:\/\/meier-gerdingh.de\/wp-spd-ob\/wp-json\/wp\/v2\/comments?post=7985"}],"version-history":[{"count":0,"href":"https:\/\/meier-gerdingh.de\/wp-spd-ob\/wp-json\/wp\/v2\/posts\/7985\/revisions"}],"wp:attachment":[{"href":"https:\/\/meier-gerdingh.de\/wp-spd-ob\/wp-json\/wp\/v2\/media?parent=7985"}],"wp:term":[{"taxonomy":"category","embeddable":true,"href":"https:\/\/meier-gerdingh.de\/wp-spd-ob\/wp-json\/wp\/v2\/categories?post=7985"},{"taxonomy":"post_tag","embeddable":true,"href":"https:\/\/meier-gerdingh.de\/wp-spd-ob\/wp-json\/wp\/v2\/tags?post=7985"},{"taxonomy":"quellen","embeddable":true,"href":"https:\/\/meier-gerdingh.de\/wp-spd-ob\/wp-json\/wp\/v2\/quellen?post=7985"}],"curies":[{"name":"wp","href":"https:\/\/api.w.org\/{rel}","templated":true}]}}