{"id":7993,"date":"2021-01-26T19:15:33","date_gmt":"2021-01-26T18:15:33","guid":{"rendered":"https:\/\/meier-gerdingh.de\/wp-spd-ob\/?p=7993"},"modified":"2021-01-26T19:15:33","modified_gmt":"2021-01-26T18:15:33","slug":"rechten-parteien-und-tendenzen-widerstehen","status":"publish","type":"post","link":"https:\/\/meier-gerdingh.de\/wp-spd-ob\/2021\/01\/26\/rechten-parteien-und-tendenzen-widerstehen\/","title":{"rendered":"Rechten Parteien und Tendenzen widerstehen"},"content":{"rendered":"<p><em>Die SPD-Landtagsabgeordnete Sonja Bongers hat anl\u00e4sslich des Holocaustgedenktages an die Befreiung des Konzentrationslagers Auschwitz-Birkenau in den letzten Januartagen des Jahres 1945 durch die Rote Armee erinnert.<\/em><\/p>\n<p>&#8222;Der heutige 27. Januar, der Gedenktag f\u00fcr die Opfer des Holocaust erinnert uns immer daran, wozu Menschen im negativsten Sinne f\u00e4hig sein k\u00f6nnen. Auch in Oberhausen hatten wir zahlreiche Opfer des Nationalsozialismus zu beklagen. Gemeinsam m\u00fcssen wir gegen jede Form der Unterdr\u00fcckung aufstehen und mutig f\u00fcr Demokratie und Freiheit eintreten&#8220;, sagte die SPD-Politikerin.<!--more--><\/p>\n<h3 class=\"spd-ob-crossheading\">Deutschlands Demokraten stehen zusammen<\/h3>\n<p>&#8222;Besonders seit dem Aufkommen rechter Parteien haben sich in einigen wenigen Teilen der Bev\u00f6lkerung wieder die Denkmuster des Hasses, der Intoleranz, des Antisemitismus und der Demokratiefeindlichkeit breit gemacht. Aber Deutschland ist nicht so: Deutschland ist tolerant, ein wichtiges Mitglied der Staatengemeinschaft und St\u00fctze der Demokratie. Das lassen wir uns nicht nehmen. Da stehen die demokratischen Parteien in diesem Land zusammen&#8220;, so Bongers weiter.<\/p>\n<h3 class=\"spd-ob-crossheading\">Millionenfacher Mord<\/h3>\n<p>Im Konzentrationslager Auschwitz-Birkenau wurden zwischen 1941 und 1945 sch\u00e4tzungsweise bis zu 1,5 Millionen Menschen ermordet. Die meisten von ihnen waren Juden aus den von den Nazis besetzten Gebieten in Europa. Aber auch Sinti und Roma, Sozialdemokraten, Kommunisten, Katholiken, Zeugen Jehovas, Homosexuelle und Menschen mit Behinderung wurden Opfer der NS-Diktatur.<\/p>\n","protected":false},"excerpt":{"rendered":"<p>Die SPD-Landtagsabgeordnete Sonja Bongers hat anl\u00e4sslich des Holocaustgedenktages an die Befreiung des Konzentrationslagers Auschwitz-Birkenau in den letzten Januartagen des Jahres 1945 durch die Rote Armee erinnert. &#8222;Der heutige 27. Januar,&hellip; <\/p>\n","protected":false},"author":1,"featured_media":0,"comment_status":"closed","ping_status":"closed","sticky":false,"template":"","format":"standard","meta":{"footnotes":""},"categories":[2320],"tags":[2685,2683,2684,2681,2682,2686,2641],"quellen":[1317],"class_list":["post-7993","post","type-post","status-publish","format-standard","hentry","category-gedenkkultur","tag-antisemitismus","tag-auschwitz","tag-auschwitz-birkenau","tag-holocaust","tag-holocaustgedenktag","tag-judenverfolgung","tag-nationalsozialismus","quellen-mdl-sonja-bongers"],"_links":{"self":[{"href":"https:\/\/meier-gerdingh.de\/wp-spd-ob\/wp-json\/wp\/v2\/posts\/7993","targetHints":{"allow":["GET"]}}],"collection":[{"href":"https:\/\/meier-gerdingh.de\/wp-spd-ob\/wp-json\/wp\/v2\/posts"}],"about":[{"href":"https:\/\/meier-gerdingh.de\/wp-spd-ob\/wp-json\/wp\/v2\/types\/post"}],"author":[{"embeddable":true,"href":"https:\/\/meier-gerdingh.de\/wp-spd-ob\/wp-json\/wp\/v2\/users\/1"}],"replies":[{"embeddable":true,"href":"https:\/\/meier-gerdingh.de\/wp-spd-ob\/wp-json\/wp\/v2\/comments?post=7993"}],"version-history":[{"count":0,"href":"https:\/\/meier-gerdingh.de\/wp-spd-ob\/wp-json\/wp\/v2\/posts\/7993\/revisions"}],"wp:attachment":[{"href":"https:\/\/meier-gerdingh.de\/wp-spd-ob\/wp-json\/wp\/v2\/media?parent=7993"}],"wp:term":[{"taxonomy":"category","embeddable":true,"href":"https:\/\/meier-gerdingh.de\/wp-spd-ob\/wp-json\/wp\/v2\/categories?post=7993"},{"taxonomy":"post_tag","embeddable":true,"href":"https:\/\/meier-gerdingh.de\/wp-spd-ob\/wp-json\/wp\/v2\/tags?post=7993"},{"taxonomy":"quellen","embeddable":true,"href":"https:\/\/meier-gerdingh.de\/wp-spd-ob\/wp-json\/wp\/v2\/quellen?post=7993"}],"curies":[{"name":"wp","href":"https:\/\/api.w.org\/{rel}","templated":true}]}}