{"id":7996,"date":"2021-01-27T13:50:02","date_gmt":"2021-01-27T12:50:02","guid":{"rendered":"https:\/\/meier-gerdingh.de\/wp-spd-ob\/?p=7996"},"modified":"2021-01-27T13:51:46","modified_gmt":"2021-01-27T12:51:46","slug":"wasserstoff-plaene-in-duisburg-sind-klarer-arbeitsauftrag","status":"publish","type":"post","link":"https:\/\/meier-gerdingh.de\/wp-spd-ob\/2021\/01\/27\/wasserstoff-plaene-in-duisburg-sind-klarer-arbeitsauftrag\/","title":{"rendered":"Wasserstoff-Pl\u00e4ne in Duisburg sind klarer Arbeitsauftrag"},"content":{"rendered":"<div id=\"attachment_5426\" style=\"width: 190px\" class=\"wp-caption alignleft\"><a href=\"https:\/\/meier-gerdingh.de\/wp-spd-ob\/wp-content\/uploads\/2018\/07\/14_krey_thomas_1000.jpg\"><img aria-describedby=\"caption-attachment-5426\" decoding=\"async\" class=\"size-full wp-image-5426\" src=\"https:\/\/meier-gerdingh.de\/wp-spd-ob\/wp-content\/uploads\/2018\/07\/14_krey_thomas.jpg\" alt=\"\" width=\"180\" height=\"180\" srcset=\"https:\/\/meier-gerdingh.de\/wp-spd-ob\/wp-content\/uploads\/2018\/07\/14_krey_thomas.jpg 180w, https:\/\/meier-gerdingh.de\/wp-spd-ob\/wp-content\/uploads\/2018\/07\/14_krey_thomas-150x150.jpg 150w\" sizes=\"(max-width: 180px) 100vw, 180px\" \/><\/a><p id=\"caption-attachment-5426\" class=\"wp-caption-text\">Thomas Krey ist Bezirksb\u00fcrgermeister von Osterfeld und wirtschaftspolitischer Sprecher der SPD-Fraktion<\/p><\/div>\n<p>Die Ank\u00fcndigung von NRW-Ministerpr\u00e4sident Armin Laschet (CDU), ein Innovationszentrum f\u00fcr Wasserstoff-Technologien nach Duisburg holen zu wollen, ist nach Einsch\u00e4tzung der SPD-Ratsfraktion ein klarer Arbeitsauftrag f\u00fcr die Verwaltung und Wirtschaftsf\u00f6rderung. &#8222;Der Ministerpr\u00e4sident spricht ja davon, dass dies ein &#8218;Magnet f\u00fcr die Branche&#8216; werden soll&#8220;, so Thomas Krey, Wirtschaftspolitischer Sprecher der SPD-Ratsfraktion. &#8222;Dann m\u00fcssen wir jetzt daf\u00fcr sorgen, dass dessen Anziehungskraft auch noch in Oberhausen deutlich zu sp\u00fcren ist.&#8220;<\/p>\n<p>Im September vergangenen Jahres hatte Laschet kurz vor den Kommunalwahlen den MAN-Standort in Sterkrade besucht und dort ebenfalls eine Ansiedlung der Zukunftstechnologie ins Spiel gebracht: Ein Wasserstoff-Campus auf dem MAN-Gel\u00e4nde, so Laschet damals, w\u00e4re eine Investition in die Zukunft, von der nicht nur Oberhausen profitieren w\u00fcrde, sondern auch das Land. &#8222;Wir hoffen, dass sich der Ministerpr\u00e4sident an seine Vision auch nach der Kommunalwahl noch erinnert&#8220;, so Thomas Krey.<!--more--><\/p>\n<p>Dass sich die Landesregierung f\u00fcr ein Innovationszentrum in der Nachbarstadt ausgesprochen hat, m\u00fcsse ja kein Nachteil sein. &#8222;Aber wir m\u00fcssen unsere Planungen jetzt pr\u00e4zisieren&#8220;, erkl\u00e4rt Krey. &#8222;Wo ist die L\u00fccke, in die wir sto\u00dfen k\u00f6nnen, und in welchem Bereich k\u00f6nnen wir vielleicht sogar Synergien heben?&#8220;<\/p>\n<p>F\u00fcr die n\u00e4chste Sitzung des Wirtschafts- und Digitalisierungsausschusses hat die SPD die Verwaltung um eine Pr\u00e4zisierung der Oberhausener Wasserstoffpl\u00e4ne gebeten.<\/p>\n","protected":false},"excerpt":{"rendered":"<p>Die Ank\u00fcndigung von NRW-Ministerpr\u00e4sident Armin Laschet (CDU), ein Innovationszentrum f\u00fcr Wasserstoff-Technologien nach Duisburg holen zu wollen, ist nach Einsch\u00e4tzung der SPD-Ratsfraktion ein klarer Arbeitsauftrag f\u00fcr die Verwaltung und Wirtschaftsf\u00f6rderung. &#8222;Der&hellip; <\/p>\n","protected":false},"author":1,"featured_media":0,"comment_status":"closed","ping_status":"closed","sticky":false,"template":"","format":"standard","meta":{"footnotes":""},"categories":[311],"tags":[2692,2691,2690,2689,2688,2423,2687,15],"quellen":[326],"class_list":["post-7996","post","type-post","status-publish","format-standard","hentry","category-wirtschaft","tag-man-gelaende","tag-man-ghh","tag-wasserstoff-campus","tag-wasserstoff-standort","tag-wasserstoff-technologien","tag-wasserstoff-wirtschaft","tag-wirtschafts-und-digitalisierungsausschuss","tag-wirtschaftsfoerderung","quellen-spd-fraktion-oberhausen"],"_links":{"self":[{"href":"https:\/\/meier-gerdingh.de\/wp-spd-ob\/wp-json\/wp\/v2\/posts\/7996","targetHints":{"allow":["GET"]}}],"collection":[{"href":"https:\/\/meier-gerdingh.de\/wp-spd-ob\/wp-json\/wp\/v2\/posts"}],"about":[{"href":"https:\/\/meier-gerdingh.de\/wp-spd-ob\/wp-json\/wp\/v2\/types\/post"}],"author":[{"embeddable":true,"href":"https:\/\/meier-gerdingh.de\/wp-spd-ob\/wp-json\/wp\/v2\/users\/1"}],"replies":[{"embeddable":true,"href":"https:\/\/meier-gerdingh.de\/wp-spd-ob\/wp-json\/wp\/v2\/comments?post=7996"}],"version-history":[{"count":0,"href":"https:\/\/meier-gerdingh.de\/wp-spd-ob\/wp-json\/wp\/v2\/posts\/7996\/revisions"}],"wp:attachment":[{"href":"https:\/\/meier-gerdingh.de\/wp-spd-ob\/wp-json\/wp\/v2\/media?parent=7996"}],"wp:term":[{"taxonomy":"category","embeddable":true,"href":"https:\/\/meier-gerdingh.de\/wp-spd-ob\/wp-json\/wp\/v2\/categories?post=7996"},{"taxonomy":"post_tag","embeddable":true,"href":"https:\/\/meier-gerdingh.de\/wp-spd-ob\/wp-json\/wp\/v2\/tags?post=7996"},{"taxonomy":"quellen","embeddable":true,"href":"https:\/\/meier-gerdingh.de\/wp-spd-ob\/wp-json\/wp\/v2\/quellen?post=7996"}],"curies":[{"name":"wp","href":"https:\/\/api.w.org\/{rel}","templated":true}]}}