{"id":7998,"date":"2021-02-01T16:01:48","date_gmt":"2021-02-01T15:01:48","guid":{"rendered":"https:\/\/meier-gerdingh.de\/wp-spd-ob\/?p=7998"},"modified":"2023-12-25T19:44:59","modified_gmt":"2023-12-25T18:44:59","slug":"spd-mahnt-zur-sachlichkeit-in-taser-debatte","status":"publish","type":"post","link":"https:\/\/meier-gerdingh.de\/wp-spd-ob\/2021\/02\/01\/spd-mahnt-zur-sachlichkeit-in-taser-debatte\/","title":{"rendered":"SPD mahnt zur Sachlichkeit in Taser-Debatte"},"content":{"rendered":"<div id=\"attachment_5396\" style=\"width: 190px\" class=\"wp-caption alignleft\"><a href=\"https:\/\/meier-gerdingh.de\/wp-spd-ob\/wp-content\/uploads\/2018\/07\/14_flore_manfred_1000.jpg\"><img aria-describedby=\"caption-attachment-5396\" decoding=\"async\" class=\"size-full wp-image-5396\" src=\"https:\/\/meier-gerdingh.de\/wp-spd-ob\/wp-content\/uploads\/2018\/07\/14_flore_manfred.jpg\" alt=\"\" width=\"180\" height=\"180\" srcset=\"https:\/\/meier-gerdingh.de\/wp-spd-ob\/wp-content\/uploads\/2018\/07\/14_flore_manfred.jpg 180w, https:\/\/meier-gerdingh.de\/wp-spd-ob\/wp-content\/uploads\/2018\/07\/14_flore_manfred-150x150.jpg 150w\" sizes=\"(max-width: 180px) 100vw, 180px\" \/><\/a><p id=\"caption-attachment-5396\" class=\"wp-caption-text\">Manfred Flore ist umweltpolitischer Sprecher der SPD-Ratsfraktion und B\u00fcrgermeister der Stadt Oberhausen<\/p><\/div>\n<p>In der aktuellen Debatte um die Ausr\u00fcstung der Polizei mit Elektroimpulsger\u00e4ten, so genannten Tasern, mahnt Manfred Flore, Ordnungspolitischer Sprecher der SPD-Fraktion, zur Gelassenheit:<\/p>\n<p>&#8222;Die einj\u00e4hrige Pilotphase hat in NRW gerade erst begonnen. Lassen wir es doch zu, dass die Polizeibeamtinnen und -beamten ihre Erfahrungen sammeln und ziehen dann unsere Schl\u00fcsse. In Rheinland-Pfalz sind die Taser jedenfalls auf Veranlassung der rot-gr\u00fcnen Landesregierung unter Malu Dreyer getestet und schlie\u00dflich f\u00fcr den Polizeidienst f\u00fcr tauglich befunden worden.&#8220;<!--more--><\/p>\n<p>Dass Respektlosigkeit und aggressives Verhalten gegen\u00fcber Beamtinnen und Beamten in den letzten Jahren in Oberhausen zugenommen habe, habe Polizeipr\u00e4sident Alexander Dierselhuis mehrfach im Polizeibeirat berichtet, erkl\u00e4rt der B\u00fcrgermeister.<\/p>\n<p>&#8222;Um die Diskussion auf eine sachliche Ebene zu f\u00fchren, wo sie auch hingeh\u00f6rt, werden wir das Thema auf der n\u00e4chsten Sitzung des Polizeibeirats gemeinsam mit dem Polizeipr\u00e4sidenten er\u00f6rtern&#8220;, erkl\u00e4rt Flore.<\/p>\n","protected":false},"excerpt":{"rendered":"<p>In der aktuellen Debatte um die Ausr\u00fcstung der Polizei mit Elektroimpulsger\u00e4ten, so genannten Tasern, mahnt Manfred Flore, Ordnungspolitischer Sprecher der SPD-Fraktion, zur Gelassenheit: &#8222;Die einj\u00e4hrige Pilotphase hat in NRW gerade&hellip; <\/p>\n","protected":false},"author":1,"featured_media":0,"comment_status":"closed","ping_status":"closed","sticky":false,"template":"","format":"standard","meta":{"footnotes":""},"categories":[7],"tags":[6,498,629,730,2693],"quellen":[326],"class_list":["post-7998","post","type-post","status-publish","format-standard","hentry","category-sicherheit","tag-polizei","tag-polizei-oberhausen","tag-polizeibeirat","tag-polizeipraesident","tag-taser","quellen-spd-fraktion-oberhausen"],"_links":{"self":[{"href":"https:\/\/meier-gerdingh.de\/wp-spd-ob\/wp-json\/wp\/v2\/posts\/7998","targetHints":{"allow":["GET"]}}],"collection":[{"href":"https:\/\/meier-gerdingh.de\/wp-spd-ob\/wp-json\/wp\/v2\/posts"}],"about":[{"href":"https:\/\/meier-gerdingh.de\/wp-spd-ob\/wp-json\/wp\/v2\/types\/post"}],"author":[{"embeddable":true,"href":"https:\/\/meier-gerdingh.de\/wp-spd-ob\/wp-json\/wp\/v2\/users\/1"}],"replies":[{"embeddable":true,"href":"https:\/\/meier-gerdingh.de\/wp-spd-ob\/wp-json\/wp\/v2\/comments?post=7998"}],"version-history":[{"count":0,"href":"https:\/\/meier-gerdingh.de\/wp-spd-ob\/wp-json\/wp\/v2\/posts\/7998\/revisions"}],"wp:attachment":[{"href":"https:\/\/meier-gerdingh.de\/wp-spd-ob\/wp-json\/wp\/v2\/media?parent=7998"}],"wp:term":[{"taxonomy":"category","embeddable":true,"href":"https:\/\/meier-gerdingh.de\/wp-spd-ob\/wp-json\/wp\/v2\/categories?post=7998"},{"taxonomy":"post_tag","embeddable":true,"href":"https:\/\/meier-gerdingh.de\/wp-spd-ob\/wp-json\/wp\/v2\/tags?post=7998"},{"taxonomy":"quellen","embeddable":true,"href":"https:\/\/meier-gerdingh.de\/wp-spd-ob\/wp-json\/wp\/v2\/quellen?post=7998"}],"curies":[{"name":"wp","href":"https:\/\/api.w.org\/{rel}","templated":true}]}}