{"id":8000,"date":"2021-02-03T18:19:45","date_gmt":"2021-02-03T17:19:45","guid":{"rendered":"https:\/\/meier-gerdingh.de\/wp-spd-ob\/?p=8000"},"modified":"2021-02-04T18:27:52","modified_gmt":"2021-02-04T17:27:52","slug":"weitere-kostenuebernahme-fuer-digitale-endgeraete","status":"publish","type":"post","link":"https:\/\/meier-gerdingh.de\/wp-spd-ob\/2021\/02\/03\/weitere-kostenuebernahme-fuer-digitale-endgeraete\/","title":{"rendered":"Weitere Kosten\u00fcbernahme f\u00fcr digitale Endger\u00e4te an den Schulen"},"content":{"rendered":"<div id=\"attachment_1681\" style=\"width: 150px\" class=\"wp-caption alignleft\"><a href=\"https:\/\/meier-gerdingh.de\/wp-spd-ob\/wp-content\/uploads\/voepel_dirk_mdb.jpg\"><img aria-describedby=\"caption-attachment-1681\" decoding=\"async\" class=\"size-full wp-image-1681\" src=\"https:\/\/meier-gerdingh.de\/wp-spd-ob\/wp-content\/uploads\/voepel_dirk_mdb.jpg\" alt=\"\" width=\"140\" height=\"180\" \/><\/a><p id=\"caption-attachment-1681\" class=\"wp-caption-text\">Dirk V\u00f6pel ist Bundestagsabgeordneter f\u00fcr Oberhausen und Dinslaken und Vorsitzender der Oberhausener SPD<\/p><\/div>\n<p><em>Zur Bek\u00e4mpfung der Covid-19-Pandemie ist der Pr\u00e4senzunterricht auch in Oberhausen an nahezu allen Schulen fast vollst\u00e4ndig eingestellt worden. F\u00fcr alle Beteiligten bedeutet dies eine enorme Herausforderung und Kraftanstrengung.<\/em><\/p>\n<p>&#8222;Mit gro\u00dfem Einsatz und viel Herzblut haben Lehrer*innen in den letzten Wochen daf\u00fcr gesorgt, ihren Sch\u00fcler*innen ein digitales Lernangebot zur Verf\u00fcgung zu stellen&#8220;, so Dirk V\u00f6pel. Ganz besonders schwierig ist die Situation jedoch weiterhin f\u00fcr Kinder, deren Familien auf Leistungen der Grundsicherung f\u00fcr Arbeitssuchende angewiesen sind. Sie verf\u00fcgen oft nicht \u00fcber die notwendige technische Ausstattung, um am Online-Unterricht teilzunehmen.<!--more--><\/p>\n<p>Bereits im Sommer des letzten Jahres hat der Bund den Digital-Pakt um 500 Millionen Euro aufgestockt, um die L\u00e4nder dabei zu unterst\u00fctzen ihre Schulen mit digitalen Endger\u00e4ten auszustatten.<\/p>\n<p>&#8222;Kinder und Jugendliche d\u00fcrfen aufgrund der Pandemie nicht vom Unterricht ausgeschlossen werden. Wir m\u00fcssen daf\u00fcr sorgen, dass Gesundheitsschutz und Teilhabechancen Hand in Hand gehen und sich Armutsrisiken durch die Pandemie nicht weiter verfestigen&#8220;, so MdB V\u00f6pel. &#8222;Ich freue mich sehr, dass SPD-Bundesarbeitsminister Hubertus Heil nun angek\u00fcndigt hat weitere Ma\u00dfnahmen zu ergreifen.&#8220;<\/p>\n<p>Dort, wo die fl\u00e4chendeckende Ausstattung mit Endger\u00e4ten noch nicht gelungen ist und kein anderes Ger\u00e4t, insbesondere von Seiten der Schule, bereitsteht, gibt es nun zus\u00e4tzlich die M\u00f6glichkeit, dass das Jobcenter die Kosten f\u00fcr die digitale Ausstattung von Sch\u00fcler*innen \u00fcbernimmt. Die Sch\u00fcler*innen, bzw. deren Eltern, m\u00fcssen den entsprechenden Bedarf beim Jobcenter geltend machen, der im Regelfall bis zu 350 \u20ac betragen kann.<\/p>\n<p>&#8222;Das sind sehr gute Nachrichte f\u00fcr die Oberhausener Sch\u00fcler*innen&#8220;, freut sich auch Denise Horn, schulpolitische Sprecherin der SPD-Ratsfraktion.<\/p>\n<p>&#8222;Mit den F\u00f6rdermitteln aus dem Digital-Pakt ist es in Oberhausen bereits gelungen, 80% der leistungsberechtigten Sch\u00fcler*innen ein Ger\u00e4t zur Verf\u00fcgung zu stellen, um am Distanzunterricht teilhaben zu k\u00f6nnen. Die zus\u00e4tzlichen Mittel, die nun \u00fcber das Jobcenter zur Verf\u00fcgung stehen, helfen dabei, die noch bestehende L\u00fccke weiter zu schlie\u00dfen. Unser Ziel ist es auch weiterhin, so schnell wie m\u00f6glich allen Sch\u00fcler*innen in Oberhausen die Chance zu geben, am digitalen Unterricht teilhaben zu k\u00f6nnen.&#8220;<\/p>\n<p>&#8222;Unsere Schulen und Lehrer*innen, sowie die Sch\u00fcler*innen und Eltern, leisten gerade Unglaubliches&#8220;, erg\u00e4nzt Thomas Krey, stellvertretender Vorsitzender der Oberhausener SPD-Ratsfraktion.<\/p>\n<p>&#8222;Von Seiten der schwarz-gelben NRW-Landesregierung gibt es jedoch nach wie vor keinen konkreten Plan, was nach dem zun\u00e4chst erkl\u00e4rten Ende der epidemischen Lage am 14. Februar passieren soll. Schulen, Lehrer*innen, Eltern und Sch\u00fcler*innen brauchen endlich Planungssicherheit, wie es in den kommenden Wochen weitergeht.&#8220;<\/p>\n","protected":false},"excerpt":{"rendered":"<p>Zur Bek\u00e4mpfung der Covid-19-Pandemie ist der Pr\u00e4senzunterricht auch in Oberhausen an nahezu allen Schulen fast vollst\u00e4ndig eingestellt worden. F\u00fcr alle Beteiligten bedeutet dies eine enorme Herausforderung und Kraftanstrengung. &#8222;Mit gro\u00dfem&hellip; <\/p>\n","protected":false},"author":1,"featured_media":0,"comment_status":"closed","ping_status":"closed","sticky":false,"template":"","format":"standard","meta":{"footnotes":""},"categories":[180,2275,179,2],"tags":[2463,2223,2228,2218,2704,2381,2606,1841,1632,2643,2703,2605],"quellen":[330],"class_list":["post-8000","post","type-post","status-publish","format-standard","hentry","category-bund","category-corona-krise","category-kinder-und-jugendliche","category-schule","tag-corona-pandemie","tag-coronavirus","tag-coronavirus-krise","tag-covid-19-krise","tag-digital-pakt","tag-digitale-endgeraete","tag-distanzunterricht","tag-grundsicherung","tag-jobcenter","tag-lockdown","tag-online-unterricht","tag-praesenzunterricht","quellen-mdb-dirk-voepel"],"_links":{"self":[{"href":"https:\/\/meier-gerdingh.de\/wp-spd-ob\/wp-json\/wp\/v2\/posts\/8000","targetHints":{"allow":["GET"]}}],"collection":[{"href":"https:\/\/meier-gerdingh.de\/wp-spd-ob\/wp-json\/wp\/v2\/posts"}],"about":[{"href":"https:\/\/meier-gerdingh.de\/wp-spd-ob\/wp-json\/wp\/v2\/types\/post"}],"author":[{"embeddable":true,"href":"https:\/\/meier-gerdingh.de\/wp-spd-ob\/wp-json\/wp\/v2\/users\/1"}],"replies":[{"embeddable":true,"href":"https:\/\/meier-gerdingh.de\/wp-spd-ob\/wp-json\/wp\/v2\/comments?post=8000"}],"version-history":[{"count":0,"href":"https:\/\/meier-gerdingh.de\/wp-spd-ob\/wp-json\/wp\/v2\/posts\/8000\/revisions"}],"wp:attachment":[{"href":"https:\/\/meier-gerdingh.de\/wp-spd-ob\/wp-json\/wp\/v2\/media?parent=8000"}],"wp:term":[{"taxonomy":"category","embeddable":true,"href":"https:\/\/meier-gerdingh.de\/wp-spd-ob\/wp-json\/wp\/v2\/categories?post=8000"},{"taxonomy":"post_tag","embeddable":true,"href":"https:\/\/meier-gerdingh.de\/wp-spd-ob\/wp-json\/wp\/v2\/tags?post=8000"},{"taxonomy":"quellen","embeddable":true,"href":"https:\/\/meier-gerdingh.de\/wp-spd-ob\/wp-json\/wp\/v2\/quellen?post=8000"}],"curies":[{"name":"wp","href":"https:\/\/api.w.org\/{rel}","templated":true}]}}