{"id":8006,"date":"2021-02-05T16:44:16","date_gmt":"2021-02-05T15:44:16","guid":{"rendered":"https:\/\/meier-gerdingh.de\/wp-spd-ob\/?p=8006"},"modified":"2021-02-09T16:57:21","modified_gmt":"2021-02-09T15:57:21","slug":"oberhausen-soll-sicherer-hafen-werden","status":"publish","type":"post","link":"https:\/\/meier-gerdingh.de\/wp-spd-ob\/2021\/02\/05\/oberhausen-soll-sicherer-hafen-werden\/","title":{"rendered":"Oberhausen soll &#8222;Sicherer Hafen&#8220; werden"},"content":{"rendered":"<p>F\u00fcr die Sitzung des Haupt- und Finanzausschusses am Montag hat die SPD-Fraktion einen <a href=\"https:\/\/meier-gerdingh.de\/wp-spd-ob\/wp-content\/uploads\/2021\/02\/antrag-21-02-08-spd-hfa-aenderung-seebruecke.pdf\">\u00c4nderungsantrag<\/a> eingebracht, der sich mit dem der Linken Liste und der Gr\u00fcnen zur &#8222;Seebr\u00fccke&#8220; auseinandersetzt. Die Sozialdemokraten pl\u00e4dieren daf\u00fcr, dass Oberhausen dem kommunalen B\u00fcndnis &#8222;St\u00e4dte Sicherer H\u00e4fen&#8220; beitritt, wie dies bereits fast 230 St\u00e4dte und Gemeinden in ganz Deutschland \u2013 von Sylt bis ins Allg\u00e4u \u2013 getan haben. <\/p>\n<p>&#8222;Wir wollen mit diesem Antrag ein Zeichen der Solidarit\u00e4t mit Menschen auf der Flucht setzen&#8220;, so die Fraktionsvorsitzende Sonja Bongers, &#8222;und wir wollen ein klares Signal an die Entscheidungstr\u00e4gerinnen und -tr\u00e4ger in Europa, Bund und Land geben: Wir k\u00f6nnen und wollen nicht l\u00e4nger dulden, dass Menschen auf der Flucht im Mittelmeer ertrinken oder unter menschenunw\u00fcrdigen Bedingungen in Lagern ausharren m\u00fcssen. Deshalb wollen wir mit den anderen &#8218;Sicheren H\u00e4fen&#8216; den politischen Druck von unten nun erh\u00f6hen.&#8220;<!--more--><\/p>\n<p>Vor gut zwei Jahren hat der Rat der Stadt \u00fcber den Oberb\u00fcrgermeister sowie die Bundestagsabgeordneten einen Appell an die Bundesregierung gerichtet, alles ihr M\u00f6gliche zu tun, um die humanit\u00e4re Katastrophe im Mittelmeer zu beenden. <\/p>\n<p>&#8222;In dieser Frage sind wir keinen Schritt weitergekommen&#8220;, erkl\u00e4rt Sonja Bongers, &#8222;und so sind wir nach intensiver Diskussion innerhalb der SPD in Oberhausen zu dem Schluss gelangt, dass der Beitritt zu diesem kommunalen B\u00fcndnis der n\u00e4chste Schritt sein muss&#8220;, so die Fraktionsvorsitzende.<\/p>\n<p>Dass der \u00c4nderungsantrag in dieser Form nun im Haupt- und Finanzausschuss gestellt wird, ist zu einem guten Teil Verdienst der Oberhausener Jusos. Der Parteinachwuchs hatte sich intensiv mit dem Thema &#8222;Seebr\u00fccke&#8220; auseinandergesetzt und hat die parteiinterne Diskussion mitgepr\u00e4gt. <\/p>\n<p>&#8222;Die Situation im Mittelmeer und an den europ\u00e4ischen Au\u00dfengrenzen ist weiterhin dramatisch&#8220;, erkl\u00e4rt der Juso-Vorsitzende Tim Tzscheppan, &#8222;deshalb sind wir Jusos Oberhausen froh, dass die Fraktion gemeinsam mit uns diesen \u00c4nderungsantrag erarbeitet hat. Menschlichkeit und Solidarit\u00e4t geh\u00f6ren zur Kern-DNA der Sozialdemokratie.&#8220;<\/p>\n","protected":false},"excerpt":{"rendered":"<p>F\u00fcr die Sitzung des Haupt- und Finanzausschusses am Montag hat die SPD-Fraktion einen \u00c4nderungsantrag eingebracht, der sich mit dem der Linken Liste und der Gr\u00fcnen zur &#8222;Seebr\u00fccke&#8220; auseinandersetzt. Die Sozialdemokraten&hellip; <\/p>\n","protected":false},"author":1,"featured_media":0,"comment_status":"closed","ping_status":"closed","sticky":false,"template":"","format":"standard","meta":{"footnotes":""},"categories":[2709],"tags":[2710,209,2711],"quellen":[326],"class_list":["post-8006","post","type-post","status-publish","format-standard","hentry","category-fluechtlinge","tag-seebruecke","tag-fluechtlinge","tag-kommunales-buendnis-staedte-sicherer-haefen","quellen-spd-fraktion-oberhausen"],"_links":{"self":[{"href":"https:\/\/meier-gerdingh.de\/wp-spd-ob\/wp-json\/wp\/v2\/posts\/8006","targetHints":{"allow":["GET"]}}],"collection":[{"href":"https:\/\/meier-gerdingh.de\/wp-spd-ob\/wp-json\/wp\/v2\/posts"}],"about":[{"href":"https:\/\/meier-gerdingh.de\/wp-spd-ob\/wp-json\/wp\/v2\/types\/post"}],"author":[{"embeddable":true,"href":"https:\/\/meier-gerdingh.de\/wp-spd-ob\/wp-json\/wp\/v2\/users\/1"}],"replies":[{"embeddable":true,"href":"https:\/\/meier-gerdingh.de\/wp-spd-ob\/wp-json\/wp\/v2\/comments?post=8006"}],"version-history":[{"count":0,"href":"https:\/\/meier-gerdingh.de\/wp-spd-ob\/wp-json\/wp\/v2\/posts\/8006\/revisions"}],"wp:attachment":[{"href":"https:\/\/meier-gerdingh.de\/wp-spd-ob\/wp-json\/wp\/v2\/media?parent=8006"}],"wp:term":[{"taxonomy":"category","embeddable":true,"href":"https:\/\/meier-gerdingh.de\/wp-spd-ob\/wp-json\/wp\/v2\/categories?post=8006"},{"taxonomy":"post_tag","embeddable":true,"href":"https:\/\/meier-gerdingh.de\/wp-spd-ob\/wp-json\/wp\/v2\/tags?post=8006"},{"taxonomy":"quellen","embeddable":true,"href":"https:\/\/meier-gerdingh.de\/wp-spd-ob\/wp-json\/wp\/v2\/quellen?post=8006"}],"curies":[{"name":"wp","href":"https:\/\/api.w.org\/{rel}","templated":true}]}}