{"id":8008,"date":"2021-02-09T16:09:38","date_gmt":"2021-02-09T15:09:38","guid":{"rendered":"https:\/\/meier-gerdingh.de\/wp-spd-ob\/?p=8008"},"modified":"2021-02-09T17:01:34","modified_gmt":"2021-02-09T16:01:34","slug":"zimkeit-fordert-wechselunterricht-an-den-schulen","status":"publish","type":"post","link":"https:\/\/meier-gerdingh.de\/wp-spd-ob\/2021\/02\/09\/zimkeit-fordert-wechselunterricht-an-den-schulen\/","title":{"rendered":"Zimkeit fordert Wechselunterricht an den Schulen"},"content":{"rendered":"<p>Stefan Zimkeit tritt daf\u00fcr ein, die Schulen baldm\u00f6glichst wieder zu \u00f6ffnen. &#8222;Der Unterricht insbesondere j\u00fcngerer Kinder in Kleingruppen muss absolute Priorit\u00e4t haben. Das muss unter strengen Auflagen mit Tests, medizinischen Masken und Luftreinigungsger\u00e4ten geschehen.&#8220; <\/p>\n<p>Voraussetzung sei, betont Stefan Zimkeit, dass die Infektionszahlen in Oberhausen nicht wieder ansteigen. &#8222;Ab einem Inzidenzwert dauerhaft unter 50 kann auf einen echten Wechselunterricht im Schichtsystem umgestellt werden.&#8220; Der direkte Kontakt von Lehrkr\u00e4ften mit Sch\u00fclerinnen und Sch\u00fclern sei dringend notwendig, um eine Bildungskatastrophe und die Vertiefung der sozialen Spaltung zu verhindern.<!--more--><\/p>\n<p>Zimkeit fordert von der Landesregierung einen Stufenplan zum weiteren Umgang mit der Pandemie, in der Schulen und Kitas Priorit\u00e4t bei m\u00f6glichen \u00d6ffnungen haben m\u00fcssen. Die SPD hat dazu einen Vorschlag in den Landtag eingebracht. <\/p>\n<p>&#8222;Statt st\u00e4ndig kurzfristige Entscheidungen zu treffen, m\u00fcssen insbesondere die Schulen die Chance haben, sich auf unterschiedliche Entwicklungen vorzubereiten. Besonders wichtig ist eine konsequente Teststrategie, um Virusmutationen zu erkennen und darauf schnell und effektiv mit umfassenden Quarant\u00e4nema\u00dfnahmen zu reagieren.&#8220; <\/p>\n<p>Notwendig sei ein Plan, der abh\u00e4ngig von der Infektionslage festlegt, welche Ma\u00dfnahmen nicht nur im Bildungsbereich ergriffen werden, sondern auch bei Sport, Handel und Dienstleistungen.<\/p>\n","protected":false},"excerpt":{"rendered":"<p>Stefan Zimkeit tritt daf\u00fcr ein, die Schulen baldm\u00f6glichst wieder zu \u00f6ffnen. &#8222;Der Unterricht insbesondere j\u00fcngerer Kinder in Kleingruppen muss absolute Priorit\u00e4t haben. Das muss unter strengen Auflagen mit Tests, medizinischen&hellip; <\/p>\n","protected":false},"author":1,"featured_media":0,"comment_status":"closed","ping_status":"closed","sticky":false,"template":"","format":"standard","meta":{"footnotes":""},"categories":[2275,2],"tags":[2463,2223,2228,2218,164,165,2643,2699,2605,2715],"quellen":[331],"class_list":["post-8008","post","type-post","status-publish","format-standard","hentry","category-corona-krise","category-schule","tag-corona-pandemie","tag-coronavirus","tag-coronavirus-krise","tag-covid-19-krise","tag-kindertageseinrichtungen","tag-kitas","tag-lockdown","tag-luftreinigungsgeraete","tag-praesenzunterricht","tag-wechselunterricht","quellen-mdl-stefan-zimkeit"],"_links":{"self":[{"href":"https:\/\/meier-gerdingh.de\/wp-spd-ob\/wp-json\/wp\/v2\/posts\/8008","targetHints":{"allow":["GET"]}}],"collection":[{"href":"https:\/\/meier-gerdingh.de\/wp-spd-ob\/wp-json\/wp\/v2\/posts"}],"about":[{"href":"https:\/\/meier-gerdingh.de\/wp-spd-ob\/wp-json\/wp\/v2\/types\/post"}],"author":[{"embeddable":true,"href":"https:\/\/meier-gerdingh.de\/wp-spd-ob\/wp-json\/wp\/v2\/users\/1"}],"replies":[{"embeddable":true,"href":"https:\/\/meier-gerdingh.de\/wp-spd-ob\/wp-json\/wp\/v2\/comments?post=8008"}],"version-history":[{"count":0,"href":"https:\/\/meier-gerdingh.de\/wp-spd-ob\/wp-json\/wp\/v2\/posts\/8008\/revisions"}],"wp:attachment":[{"href":"https:\/\/meier-gerdingh.de\/wp-spd-ob\/wp-json\/wp\/v2\/media?parent=8008"}],"wp:term":[{"taxonomy":"category","embeddable":true,"href":"https:\/\/meier-gerdingh.de\/wp-spd-ob\/wp-json\/wp\/v2\/categories?post=8008"},{"taxonomy":"post_tag","embeddable":true,"href":"https:\/\/meier-gerdingh.de\/wp-spd-ob\/wp-json\/wp\/v2\/tags?post=8008"},{"taxonomy":"quellen","embeddable":true,"href":"https:\/\/meier-gerdingh.de\/wp-spd-ob\/wp-json\/wp\/v2\/quellen?post=8008"}],"curies":[{"name":"wp","href":"https:\/\/api.w.org\/{rel}","templated":true}]}}