{"id":8009,"date":"2021-02-09T17:43:06","date_gmt":"2021-02-09T16:43:06","guid":{"rendered":"https:\/\/meier-gerdingh.de\/wp-spd-ob\/?p=8009"},"modified":"2021-02-10T17:44:59","modified_gmt":"2021-02-10T16:44:59","slug":"haushaltsdebatte-wirft-schlechtes-licht-auf-diskursfaehigkeit","status":"publish","type":"post","link":"https:\/\/meier-gerdingh.de\/wp-spd-ob\/2021\/02\/09\/haushaltsdebatte-wirft-schlechtes-licht-auf-diskursfaehigkeit\/","title":{"rendered":"Haushaltsdebatte wirft schlechtes Licht auf Diskursf\u00e4higkeit"},"content":{"rendered":"<div id=\"attachment_7690\" style=\"width: 170px\" class=\"wp-caption alignleft\"><a href=\"https:\/\/meier-gerdingh.de\/wp-spd-ob\/wp-content\/uploads\/2020\/11\/bongers-sonja-2020-lg.jpg\"><img aria-describedby=\"caption-attachment-7690\" decoding=\"async\" class=\"size-full wp-image-7690\" src=\"https:\/\/meier-gerdingh.de\/wp-spd-ob\/wp-content\/uploads\/2020\/11\/bongers-sonja-2020.jpg\" alt=\"\" width=\"160\" height=\"200\" \/><\/a><p id=\"caption-attachment-7690\" class=\"wp-caption-text\">Sonja Bongers ist Vorsitzende der SPD-Ratsfraktion und Mitglied des Landtags von Nordrhein-Westfalen<\/p><\/div>\n<p>Oberhausen stehen nicht nur finanziell schwierige Zeiten bevor, denn Teile der Politik scheinen die Ernsthaftigkeit der Lage noch nicht ganz erfasst zu haben. Dieser Eindruck dr\u00e4ngt sich der Fraktionsvorsitzenden der SPD, Sonja Bongers, nach der Haushaltsdebatte im Haupt- und Finanzausschuss am Montag auf.<\/p>\n<p>&#8222;Wenn die Fraktionsvorsitzende der CDU uns einmal mehr ritualhaft mahnt, doch erlernte Reflexe abzulegen, um im gleichen Atemzug wieder die M\u00e4r von der sozialdemokratisch verantworteten Schuldenlast unserer Stadt wortreich zu beklagen, frage ich mich, wer hier in Reflexen verharrt&#8220;, so Sonja Bongers.<\/p>\n<p>&#8222;Die vier ausgeglichenen Haushalte in Folge, derer sich die CDU und ihr Oberb\u00fcrgermeister r\u00fchmen, fu\u00dfen auf dem St\u00e4rkungspaktgesetz der fr\u00fcheren rot-gr\u00fcnen Landesregierung \u2013 damals strikt abgelehnt von CDU und FDP nat\u00fcrlich \u2013 und auf dem Verzicht, der den Menschen in Oberhausen durch harte Sparma\u00dfnahmen abverlangt wurde und wird&#8220;, so die Fraktionsvorsitzende.<!--more--><\/p>\n<p>Fast schon grotesk werde es allerdings, so Bongers, wenn CDU-Chefin Simone-Tatjana Stehr die Tatenlosigkeit der ehemaligen gr\u00fcnen Umweltdezernentin Lauxen beklagt und Hoffnung hegt auf Besserung durch &#8222;bereits getroffene und noch zu treffende personelle Entscheidungen&#8220;. Erinnert man sich, dass nahezu die gesamte CDU-Fraktion sich bei der Entscheidung \u00fcber die Wiederwahl Lauxens der Stimme enthalten habe, offenbare Oberhausens CDU hier ein Glaubw\u00fcrdigkeitsproblem.<\/p>\n<p>&#8222;Wenn man aus wahltaktischen Gr\u00fcnden mit einer Hoffnung auf Schwarz-Gr\u00fcn zun\u00e4chst ganz leisetritt, sollte man sich nach der Wahl noch daran erinnern \u2013 denn die B\u00fcrgerinnen und B\u00fcrger tun dies&#8220;, ist sich Sonja Bongers sicher.<\/p>\n<p>Nicht nur der Beitrag der CDU hat in Reihen der SPD w\u00e4hrend der Haushaltsdebatte f\u00fcr Kopfsch\u00fctteln gesorgt. &#8222;Dass nach ihren vollmundigen Ank\u00fcndigungen vor der Kommunalwahl das Ergebnis f\u00fcr BOB gelinde gesagt ern\u00fcchternd war, liegt ja auf der Hand&#8220;, erkl\u00e4rte die Fraktionsvorsitzende. &#8222;Und dass man daraus geschlossen haben mag, das eigene Profil zu sch\u00e4rfen, w\u00e4re ja nachvollziehbar&#8220;, so Bongers.<\/p>\n<p>&#8222;Die Demokratinnen und Demokraten im Rat der Stadt aber in einer Haushaltsrede als &#8218;Altparteien&#8216; zu bezeichnen und sich damit einen Kampfbegriff der neuen Rechten anzueignen, schie\u00dft deutlich \u00fcbers Ziel hinaus. Das B\u00fcrgerb\u00fcndnis sollte klarstellen, ob es nun den Weg in den politischen Populismus nehmen oder ernst genommen werden will&#8220;, so die SPD-Fraktionsvorsitzende abschlie\u00dfend.<\/p>\n","protected":false},"excerpt":{"rendered":"<p>Oberhausen stehen nicht nur finanziell schwierige Zeiten bevor, denn Teile der Politik scheinen die Ernsthaftigkeit der Lage noch nicht ganz erfasst zu haben. Dieser Eindruck dr\u00e4ngt sich der Fraktionsvorsitzenden der&hellip; <\/p>\n","protected":false},"author":1,"featured_media":0,"comment_status":"closed","ping_status":"closed","sticky":false,"template":"","format":"standard","meta":{"footnotes":""},"categories":[98],"tags":[2716,2717,1763,2037],"quellen":[326],"class_list":["post-8009","post","type-post","status-publish","format-standard","hentry","category-finanzen","tag-haupt-und-finanzausschuss","tag-haushalt-2021","tag-haushaltsdebatte","tag-kommunalwahl-2020","quellen-spd-fraktion-oberhausen"],"_links":{"self":[{"href":"https:\/\/meier-gerdingh.de\/wp-spd-ob\/wp-json\/wp\/v2\/posts\/8009","targetHints":{"allow":["GET"]}}],"collection":[{"href":"https:\/\/meier-gerdingh.de\/wp-spd-ob\/wp-json\/wp\/v2\/posts"}],"about":[{"href":"https:\/\/meier-gerdingh.de\/wp-spd-ob\/wp-json\/wp\/v2\/types\/post"}],"author":[{"embeddable":true,"href":"https:\/\/meier-gerdingh.de\/wp-spd-ob\/wp-json\/wp\/v2\/users\/1"}],"replies":[{"embeddable":true,"href":"https:\/\/meier-gerdingh.de\/wp-spd-ob\/wp-json\/wp\/v2\/comments?post=8009"}],"version-history":[{"count":0,"href":"https:\/\/meier-gerdingh.de\/wp-spd-ob\/wp-json\/wp\/v2\/posts\/8009\/revisions"}],"wp:attachment":[{"href":"https:\/\/meier-gerdingh.de\/wp-spd-ob\/wp-json\/wp\/v2\/media?parent=8009"}],"wp:term":[{"taxonomy":"category","embeddable":true,"href":"https:\/\/meier-gerdingh.de\/wp-spd-ob\/wp-json\/wp\/v2\/categories?post=8009"},{"taxonomy":"post_tag","embeddable":true,"href":"https:\/\/meier-gerdingh.de\/wp-spd-ob\/wp-json\/wp\/v2\/tags?post=8009"},{"taxonomy":"quellen","embeddable":true,"href":"https:\/\/meier-gerdingh.de\/wp-spd-ob\/wp-json\/wp\/v2\/quellen?post=8009"}],"curies":[{"name":"wp","href":"https:\/\/api.w.org\/{rel}","templated":true}]}}