{"id":8014,"date":"2021-02-11T15:55:23","date_gmt":"2021-02-11T14:55:23","guid":{"rendered":"https:\/\/meier-gerdingh.de\/wp-spd-ob\/?p=8014"},"modified":"2023-02-01T17:39:36","modified_gmt":"2023-02-01T16:39:36","slug":"thomas-krey-bleibt-beiratsvorsitzender","status":"publish","type":"post","link":"https:\/\/meier-gerdingh.de\/wp-spd-ob\/2021\/02\/11\/thomas-krey-bleibt-beiratsvorsitzender\/","title":{"rendered":"Thomas Krey bleibt Beiratsvorsitzender"},"content":{"rendered":"<div id=\"attachment_8012\" style=\"width: 190px\" class=\"wp-caption alignleft\"><a href=\"https:\/\/meier-gerdingh.de\/wp-spd-ob\/wp-content\/uploads\/2021\/02\/krey-thomas-2020-lg.jpg\"><img aria-describedby=\"caption-attachment-8012\" decoding=\"async\" class=\"size-full wp-image-8012\" src=\"https:\/\/meier-gerdingh.de\/wp-spd-ob\/wp-content\/uploads\/2021\/02\/krey-thomas-2020.jpg\" alt=\"\" width=\"180\" height=\"180\" srcset=\"https:\/\/meier-gerdingh.de\/wp-spd-ob\/wp-content\/uploads\/2021\/02\/krey-thomas-2020.jpg 180w, https:\/\/meier-gerdingh.de\/wp-spd-ob\/wp-content\/uploads\/2021\/02\/krey-thomas-2020-150x150.jpg 150w\" sizes=\"(max-width: 180px) 100vw, 180px\" \/><\/a><p id=\"caption-attachment-8012\" class=\"wp-caption-text\">Thomas Krey ist Bezirksb\u00fcrgermeister von Osterfeld und wirtschaftspolitischer Sprecher der SPD-Fraktion<\/p><\/div>\n<p>Der Osterfelder Bezirksb\u00fcrgermeister Thomas Krey ist erneut zum Vorsitzenden des Beirates Sozialer Zusammenhalt Oberhausen-Osterfeld gew\u00e4hlt worden. Der SPD-Stadtverordnete erhielt bei der Wahl 12 der 18 Stimmen. &#8222;Ich bedanke mich zun\u00e4chst f\u00fcr das Vertrauen der Mitglieder. Den Herausforderungen stelle ich mich gerne und m\u00f6chte weiterhin gemeinsam mit anderen daran arbeiten, Osterfeld nach vorne zu bringen&#8220;, so der 42-J\u00e4hrige.<!--more--><\/p>\n<p>Dass dies in der Vergangenheit immer wieder gelungen ist, zeigt der k\u00fcnftige Multifunktionskomplex am Standort der Gesamtschule Osterfeld. Im Vorfeld hatte Krey eine kleine Beratungsrunde eingeladen, an deren Ende die Idee von der &#8222;gro\u00dfen L\u00f6sung&#8220; stand.<\/p>\n<p>&#8222;Mir war es vor allem wichtig, dass wir uns auch trauen, gro\u00df zu denken, und zwar richtig gro\u00df&#8220;, erinnert sich Krey. Und so entstehen in Osterfeld Jugendzentrum, Stadtteilbibliothek und Mehrzweck-Aula unter einem Dach.<\/p>\n<p>Alleine dieses Projekt zeigt, wie wichtig die Arbeit des Beirates ist. F\u00fcr B\u00fcrgerinnen und B\u00fcrger, die sich daf\u00fcr interessieren, welche Projekte bereits mit Hilfe des Verf\u00fcgungsfonds realisiert werden konnten, soll \u00fcbrigens bald schon eine Brosch\u00fcre erscheinen.<\/p>\n<p>&#8222;Gerade in Zeiten steigender Politikverdrossenheit ist es wichtig, den Menschen zu zeigen, welche ganz konkreten Projekte in solchen Stadterneuerungsprozessen entstehen und wie gut B\u00fcrgerbeteiligung hier vor Ort funktioniert&#8220;, so Thomas Krey.<\/p>\n","protected":false},"excerpt":{"rendered":"<p>Der Osterfelder Bezirksb\u00fcrgermeister Thomas Krey ist erneut zum Vorsitzenden des Beirates Sozialer Zusammenhalt Oberhausen-Osterfeld gew\u00e4hlt worden. Der SPD-Stadtverordnete erhielt bei der Wahl 12 der 18 Stimmen. &#8222;Ich bedanke mich zun\u00e4chst&hellip; <\/p>\n","protected":false},"author":1,"featured_media":0,"comment_status":"closed","ping_status":"closed","sticky":false,"template":"","format":"standard","meta":{"footnotes":""},"categories":[167],"tags":[2718,1061,2719,2235,2330,41,2331,2720],"quellen":[326],"class_list":["post-8014","post","type-post","status-publish","format-standard","hentry","category-stadtteile","tag-beirat-sozialer-zusammenhalt-oberhausen-osterfeld","tag-jugendzentrum-osterfeld","tag-mehrzweck-aula","tag-multifunktionskomplex","tag-multifunktionskomplex-osterfeld","tag-osterfeld","tag-stadtteilbibliothek-osterfeld","tag-stadtteilprojekt-osterfeld","quellen-spd-fraktion-oberhausen"],"_links":{"self":[{"href":"https:\/\/meier-gerdingh.de\/wp-spd-ob\/wp-json\/wp\/v2\/posts\/8014","targetHints":{"allow":["GET"]}}],"collection":[{"href":"https:\/\/meier-gerdingh.de\/wp-spd-ob\/wp-json\/wp\/v2\/posts"}],"about":[{"href":"https:\/\/meier-gerdingh.de\/wp-spd-ob\/wp-json\/wp\/v2\/types\/post"}],"author":[{"embeddable":true,"href":"https:\/\/meier-gerdingh.de\/wp-spd-ob\/wp-json\/wp\/v2\/users\/1"}],"replies":[{"embeddable":true,"href":"https:\/\/meier-gerdingh.de\/wp-spd-ob\/wp-json\/wp\/v2\/comments?post=8014"}],"version-history":[{"count":0,"href":"https:\/\/meier-gerdingh.de\/wp-spd-ob\/wp-json\/wp\/v2\/posts\/8014\/revisions"}],"wp:attachment":[{"href":"https:\/\/meier-gerdingh.de\/wp-spd-ob\/wp-json\/wp\/v2\/media?parent=8014"}],"wp:term":[{"taxonomy":"category","embeddable":true,"href":"https:\/\/meier-gerdingh.de\/wp-spd-ob\/wp-json\/wp\/v2\/categories?post=8014"},{"taxonomy":"post_tag","embeddable":true,"href":"https:\/\/meier-gerdingh.de\/wp-spd-ob\/wp-json\/wp\/v2\/tags?post=8014"},{"taxonomy":"quellen","embeddable":true,"href":"https:\/\/meier-gerdingh.de\/wp-spd-ob\/wp-json\/wp\/v2\/quellen?post=8014"}],"curies":[{"name":"wp","href":"https:\/\/api.w.org\/{rel}","templated":true}]}}