{"id":8046,"date":"2021-03-04T18:45:51","date_gmt":"2021-03-04T17:45:51","guid":{"rendered":"https:\/\/meier-gerdingh.de\/wp-spd-ob\/?p=8046"},"modified":"2021-03-04T18:45:51","modified_gmt":"2021-03-04T17:45:51","slug":"regierungschaos","status":"publish","type":"post","link":"https:\/\/meier-gerdingh.de\/wp-spd-ob\/2021\/03\/04\/regierungschaos\/","title":{"rendered":"Regierungschaos"},"content":{"rendered":"<p>&#8222;Endlich wurde in der Bund-L\u00e4nder-Konferenz ein Stufenplan mit \u00d6ffnungsperspektiven beschlossen&#8220;, kommentiert Stefan Zimkeit das Ergebnis des Treffens der Kanzlerin mit den Ministerpr\u00e4sidentinnen und -pr\u00e4sidenten. &#8222;Auch Armin Laschet hat zugestimmt, obwohl er Stufenpl\u00e4ne noch bis vor kurzem abgelehnt hat und meinte, er wolle auf Sicht fahren.&#8220;<\/p>\n<p>Der SPD-Landtagsabgeordnete kritisiert, dass zwar Lockerungen beschlossen wurden, es aber keine Perspektiven f\u00fcr die weitere \u00d6ffnung von Schulen gibt. &#8222;Die Landesregierung muss das Versprechen des Vorrangs f\u00fcr Schule einhalten.&#8220; Stefan Zimkeit spricht sich daf\u00fcr aus, auch in weiteren Jahrg\u00e4ngen Wechselunterricht durchzuf\u00fchren \u2013 &#8222;verbunden mit t\u00e4glichen Testungen, Impfungen und Luftreinigungsger\u00e4ten&#8220;.<!--more--><\/p>\n<p>Aus Zimkeits Sicht ist klar, dass \u00d6ffnungsperspektiven nur greifen werden, wenn die Voraussetzungen erf\u00fcllt sind. &#8222;Es muss viel mehr getestet werden, es muss schneller geimpft werden, und es muss eine Eind\u00e4mmungsstrategie gegen die Mutationen geben.&#8220; Da NRW aber bisher keines dieser drei Kriterien erf\u00fcllt, bef\u00fcrchtet Stefan Zimkeit, dass die \u00d6ffnungsperspektiven verspielt werden. <\/p>\n<p>&#8222;Mehr Testungen haben Laschet und Laumann lange abgelehnt, daher ist eine Teststrategie nicht erkennbar.&#8220; Die Landesregierung habe im Haushaltsausschuss zwar Geld f\u00fcr die t\u00e4gliche Testung von Kita-Besch\u00e4ftigten beantragt, &#8222;die Kinder bleiben aber au\u00dfen vor&#8220;. Und Schulministerin Yvonne Gebauer habe w\u00f6chentliche Test f\u00fcr Lehrkr\u00e4fte und Sch\u00fclerinnen und Sch\u00fcler angek\u00fcndigt, daf\u00fcr aber daf\u00fcr keine Mittel beantragt, stellt der SPD-Finanzexperte fest, der nicht nur deshalb von &#8222;Regierungschaos&#8220; spricht.<\/p>\n<p>&#8222;Beim Impfen h\u00e4ngt NRW anderen Bundesl\u00e4ndern hinterher, und ein Ma\u00dfnahmenpaket zum Umgang mit den ansteckenden Virusvarianten, etwa durch ver\u00e4nderte Quarant\u00e4nebedingungen, gibt es nicht&#8220;, so Zimkeit. &#8222;In NRW wird noch nicht einmal fl\u00e4chendeckend gepr\u00fcft, wie weit die Mutationen verbreitet sind.&#8220;<\/p>\n<p>Mit dem st\u00e4ndigen Hin und Her von Armin Laschet und einer fehlenden Strategie f\u00fcr NRW werde das Vertrauen der Bev\u00f6lkerung verspielt, bef\u00fcrchtet Zimkeit. &#8222;Vor dem Hintergrund der zu Recht beschlossenen Notbremse bei steigenden Infektionszahlen besteht die erhebliche Gefahr, dass \u00d6ffnungen in NRW von kurzer Dauer sein werden und die Tatenlosigkeit der Landesregierung in einen dritten Lockdown f\u00fchrt.&#8220;<\/p>\n","protected":false},"excerpt":{"rendered":"<p>&#8222;Endlich wurde in der Bund-L\u00e4nder-Konferenz ein Stufenplan mit \u00d6ffnungsperspektiven beschlossen&#8220;, kommentiert Stefan Zimkeit das Ergebnis des Treffens der Kanzlerin mit den Ministerpr\u00e4sidentinnen und -pr\u00e4sidenten. &#8222;Auch Armin Laschet hat zugestimmt, obwohl&hellip; <\/p>\n","protected":false},"author":1,"featured_media":0,"comment_status":"closed","ping_status":"closed","sticky":false,"template":"","format":"standard","meta":{"footnotes":""},"categories":[2275,216,2],"tags":[2662,2757,2760,2463,2759,2223,2228,2218,2762,2699,2761,2758,2715],"quellen":[1317],"class_list":["post-8046","post","type-post","status-publish","format-standard","hentry","category-corona-krise","category-land","category-schule","tag-corona-impfung","tag-corona-lockdown","tag-corona-mutationen","tag-corona-pandemie","tag-corona-test","tag-coronavirus","tag-coronavirus-krise","tag-covid-19-krise","tag-kita-beschaeftigte","tag-luftreinigungsgeraete","tag-oeffnungsperspektiven","tag-schuloeffnungen","tag-wechselunterricht","quellen-mdl-sonja-bongers"],"_links":{"self":[{"href":"https:\/\/meier-gerdingh.de\/wp-spd-ob\/wp-json\/wp\/v2\/posts\/8046","targetHints":{"allow":["GET"]}}],"collection":[{"href":"https:\/\/meier-gerdingh.de\/wp-spd-ob\/wp-json\/wp\/v2\/posts"}],"about":[{"href":"https:\/\/meier-gerdingh.de\/wp-spd-ob\/wp-json\/wp\/v2\/types\/post"}],"author":[{"embeddable":true,"href":"https:\/\/meier-gerdingh.de\/wp-spd-ob\/wp-json\/wp\/v2\/users\/1"}],"replies":[{"embeddable":true,"href":"https:\/\/meier-gerdingh.de\/wp-spd-ob\/wp-json\/wp\/v2\/comments?post=8046"}],"version-history":[{"count":0,"href":"https:\/\/meier-gerdingh.de\/wp-spd-ob\/wp-json\/wp\/v2\/posts\/8046\/revisions"}],"wp:attachment":[{"href":"https:\/\/meier-gerdingh.de\/wp-spd-ob\/wp-json\/wp\/v2\/media?parent=8046"}],"wp:term":[{"taxonomy":"category","embeddable":true,"href":"https:\/\/meier-gerdingh.de\/wp-spd-ob\/wp-json\/wp\/v2\/categories?post=8046"},{"taxonomy":"post_tag","embeddable":true,"href":"https:\/\/meier-gerdingh.de\/wp-spd-ob\/wp-json\/wp\/v2\/tags?post=8046"},{"taxonomy":"quellen","embeddable":true,"href":"https:\/\/meier-gerdingh.de\/wp-spd-ob\/wp-json\/wp\/v2\/quellen?post=8046"}],"curies":[{"name":"wp","href":"https:\/\/api.w.org\/{rel}","templated":true}]}}