{"id":8047,"date":"2021-03-04T18:48:27","date_gmt":"2021-03-04T17:48:27","guid":{"rendered":"https:\/\/meier-gerdingh.de\/wp-spd-ob\/?p=8047"},"modified":"2021-03-04T18:49:13","modified_gmt":"2021-03-04T17:49:13","slug":"spd-thematisiert-schneefaelle-im-umweltausschuss","status":"publish","type":"post","link":"https:\/\/meier-gerdingh.de\/wp-spd-ob\/2021\/03\/04\/spd-thematisiert-schneefaelle-im-umweltausschuss\/","title":{"rendered":"SPD thematisiert Schneef\u00e4lle im Umweltausschuss"},"content":{"rendered":"<div id=\"attachment_5396\" style=\"width: 190px\" class=\"wp-caption alignleft\"><a href=\"https:\/\/meier-gerdingh.de\/wp-spd-ob\/wp-content\/uploads\/2018\/07\/14_flore_manfred_1000.jpg\"><img aria-describedby=\"caption-attachment-5396\" decoding=\"async\" class=\"size-full wp-image-5396\" src=\"https:\/\/meier-gerdingh.de\/wp-spd-ob\/wp-content\/uploads\/2018\/07\/14_flore_manfred.jpg\" alt=\"\" width=\"180\" height=\"180\" srcset=\"https:\/\/meier-gerdingh.de\/wp-spd-ob\/wp-content\/uploads\/2018\/07\/14_flore_manfred.jpg 180w, https:\/\/meier-gerdingh.de\/wp-spd-ob\/wp-content\/uploads\/2018\/07\/14_flore_manfred-150x150.jpg 150w\" sizes=\"(max-width: 180px) 100vw, 180px\" \/><\/a><p id=\"caption-attachment-5396\" class=\"wp-caption-text\">Manfred Flore ist umweltpolitischer Sprecher der SPD-Ratsfraktion und B\u00fcrgermeister der Stadt Oberhausen<\/p><\/div>\n<p>Die heftigen Schneef\u00e4lle des vergangenen Monats und ihre Folgen auf Oberhausens Stra\u00dfen werden im n\u00e4chsten Umweltausschuss thematisiert. Dies hat die SPD-Fraktion beantragt. &#8222;Es ist ja gut und sch\u00f6n, dass Oberb\u00fcrgermeister Schranz die Aufarbeitung der mangelhaften Stra\u00dfen- und Weger\u00e4umung offenbar zur Chefsache gemacht hat. Politik und B\u00fcrgerschaft sind an einer Aufarbeitung der Vorg\u00e4nge allerdings ebenfalls sehr interessiert&#8220;, erkl\u00e4rt Manfred Flore, der umweltpolitische Sprecher seiner Fraktion.<\/p>\n<p>&#8222;Mit einem gewissen, zeitlichen Abstand muss uns eine sachliche Diskussion gelingen, die vor allem darauf abzielt, dass die Stadt Oberhausen zuk\u00fcnftig f\u00fcr solche Situationen vern\u00fcnftig aufgestellt ist&#8220;, erkl\u00e4rt der B\u00fcrgermeister. Klar sei, dass ein nahezu v\u00f6lliges Zusammenbrechen des Verkehrs in einer dichtbesiedelten Industrie- und Logistikregion eigentlich nicht passieren d\u00fcrfe.<!--more--><\/p>\n<p>&#8222;Wenn wir auch noch bedenken, dass ernstzunehmende Klimaforscher eine H\u00e4ufung solcher Schneeereignisse f\u00fcr m\u00f6glich halten, m\u00fcssen wir als Stadt darauf eingestellt sein&#8220;, erkl\u00e4rt Flore.<\/p>\n","protected":false},"excerpt":{"rendered":"<p>Die heftigen Schneef\u00e4lle des vergangenen Monats und ihre Folgen auf Oberhausens Stra\u00dfen werden im n\u00e4chsten Umweltausschuss thematisiert. Dies hat die SPD-Fraktion beantragt. &#8222;Es ist ja gut und sch\u00f6n, dass Oberb\u00fcrgermeister&hellip; <\/p>\n","protected":false},"author":1,"featured_media":0,"comment_status":"closed","ping_status":"closed","sticky":false,"template":"","format":"standard","meta":{"footnotes":""},"categories":[29],"tags":[2764,2763,30],"quellen":[326],"class_list":["post-8047","post","type-post","status-publish","format-standard","hentry","category-umwelt","tag-schneefaelle","tag-strassen-und-wegeraeumung","tag-umweltausschuss","quellen-spd-fraktion-oberhausen"],"_links":{"self":[{"href":"https:\/\/meier-gerdingh.de\/wp-spd-ob\/wp-json\/wp\/v2\/posts\/8047","targetHints":{"allow":["GET"]}}],"collection":[{"href":"https:\/\/meier-gerdingh.de\/wp-spd-ob\/wp-json\/wp\/v2\/posts"}],"about":[{"href":"https:\/\/meier-gerdingh.de\/wp-spd-ob\/wp-json\/wp\/v2\/types\/post"}],"author":[{"embeddable":true,"href":"https:\/\/meier-gerdingh.de\/wp-spd-ob\/wp-json\/wp\/v2\/users\/1"}],"replies":[{"embeddable":true,"href":"https:\/\/meier-gerdingh.de\/wp-spd-ob\/wp-json\/wp\/v2\/comments?post=8047"}],"version-history":[{"count":0,"href":"https:\/\/meier-gerdingh.de\/wp-spd-ob\/wp-json\/wp\/v2\/posts\/8047\/revisions"}],"wp:attachment":[{"href":"https:\/\/meier-gerdingh.de\/wp-spd-ob\/wp-json\/wp\/v2\/media?parent=8047"}],"wp:term":[{"taxonomy":"category","embeddable":true,"href":"https:\/\/meier-gerdingh.de\/wp-spd-ob\/wp-json\/wp\/v2\/categories?post=8047"},{"taxonomy":"post_tag","embeddable":true,"href":"https:\/\/meier-gerdingh.de\/wp-spd-ob\/wp-json\/wp\/v2\/tags?post=8047"},{"taxonomy":"quellen","embeddable":true,"href":"https:\/\/meier-gerdingh.de\/wp-spd-ob\/wp-json\/wp\/v2\/quellen?post=8047"}],"curies":[{"name":"wp","href":"https:\/\/api.w.org\/{rel}","templated":true}]}}