{"id":8050,"date":"2021-03-08T08:59:11","date_gmt":"2021-03-08T07:59:11","guid":{"rendered":"https:\/\/meier-gerdingh.de\/wp-spd-ob\/?p=8050"},"modified":"2021-03-08T08:59:37","modified_gmt":"2021-03-08T07:59:37","slug":"tarifvertraege-schuetzen-frauen-vor-sozialem-abstieg","status":"publish","type":"post","link":"https:\/\/meier-gerdingh.de\/wp-spd-ob\/2021\/03\/08\/tarifvertraege-schuetzen-frauen-vor-sozialem-abstieg\/","title":{"rendered":"Tarifvertr\u00e4ge sch\u00fctzen Frauen vor sozialem Abstieg"},"content":{"rendered":"<div id=\"attachment_7690\" style=\"width: 170px\" class=\"wp-caption alignleft\"><a href=\"https:\/\/meier-gerdingh.de\/wp-spd-ob\/wp-content\/uploads\/2020\/11\/bongers-sonja-2020.jpg\"><img aria-describedby=\"caption-attachment-7690\" decoding=\"async\" class=\"size-full wp-image-7690\" src=\"https:\/\/meier-gerdingh.de\/wp-spd-ob\/wp-content\/uploads\/2020\/11\/bongers-sonja-2020.jpg\" alt=\"\" width=\"160\" height=\"200\" \/><\/a><p id=\"caption-attachment-7690\" class=\"wp-caption-text\">Sonja Bongers ist Vorsitzende der SPD-Ratsfraktion und Mitglied des Landtags von Nordrhein-Westfalen<\/p><\/div>\n<p><em>Anl\u00e4sslich des heutigen internationalen Weltfrauentages hat die SPD-Landtagsabgeordnete Sonja Bongers auf die immer noch schwierige Lage zahlreicher Frauen in der Berufswelt hingewiesen.<\/em><\/p>\n<p>&#8222;Besonders jetzt durch die Corona-Krise versch\u00e4rfen sich die Ungleichheiten zwischen Frauen und M\u00e4nnern noch st\u00e4rker als zuvor. Zwar arbeiten viele Frauen in den so genannten systemrelevanten Berufen, diese sind jedoch h\u00e4ufig schlecht bezahlt. Zudem sind viele Frauen in Branchen besch\u00e4ftigt, die von Kurzarbeit oder Arbeitslosigkeit betroffen sind. Das trifft auch viele Oberhausenerinnen&#8220;, sagte die SPD-Politikerin.<!--more--><\/p>\n<p>Nach Informationen des Deutschen Gewerkschaftsbundes, DGB, arbeitet fast jede dritte abh\u00e4ngig besch\u00e4ftigte Frau in NRW zu einem Niedriglohn \u2013 also unter 11,21 EUR die Stunde. F\u00fcr sie f\u00fchre Kurzarbeit h\u00e4ufig ins Jobcenter, so der DGB.<\/p>\n<h3 class=\"spd-ob-crossheading\">Arbeit aufwerten<\/h3>\n<p>Gerade in Zeiten der Krise sch\u00fctzen Tarifvertr\u00e4ge Frauen am besten. So k\u00f6nne in vielen F\u00e4llen das Kurzarbeitergeld durch tarifvertragliche Regelungen aufgestockt werden.<\/p>\n<p>Tarifvertr\u00e4ge bringen h\u00f6here Geh\u00e4lter, Sonderleistungen wie Urlaubs- und Weihnachtsgeld, bessere Arbeitszeitregelungen und auch die Entgeltl\u00fccke zwischen M\u00e4nnern und Frauen f\u00e4llt kleiner aus. Daher m\u00fcsse die Tarifbindung gest\u00e4rkt werden, vor allem in frauendominierten Branchen.<\/p>\n<p>Das w\u00e4re ein wichtiger Schritt, um diese Arbeit endlich aufzuwerten. Und das sei schon lange \u00fcberf\u00e4llig, unterst\u00fctzt Bongers die Ideen des DGB.<\/p>\n","protected":false},"excerpt":{"rendered":"<p>Anl\u00e4sslich des heutigen internationalen Weltfrauentages hat die SPD-Landtagsabgeordnete Sonja Bongers auf die immer noch schwierige Lage zahlreicher Frauen in der Berufswelt hingewiesen. &#8222;Besonders jetzt durch die Corona-Krise versch\u00e4rfen sich die&hellip; <\/p>\n","protected":false},"author":1,"featured_media":0,"comment_status":"closed","ping_status":"closed","sticky":false,"template":"","format":"standard","meta":{"footnotes":""},"categories":[174,95],"tags":[1594,2253,2772,1250,354,2263,2224,2773,1538,2771],"quellen":[1317],"class_list":["post-8050","post","type-post","status-publish","format-standard","hentry","category-arbeit-und-soziales","category-gleichstellung","tag-arbeitslosigkeit","tag-corona-krise","tag-deutscher-gewerkschaftsbund","tag-dgb","tag-internationaler-frauentag","tag-kurzarbeit","tag-kurzarbeitergeld","tag-niedriglohn","tag-tarifvertraege","tag-weltfrauentag","quellen-mdl-sonja-bongers"],"_links":{"self":[{"href":"https:\/\/meier-gerdingh.de\/wp-spd-ob\/wp-json\/wp\/v2\/posts\/8050","targetHints":{"allow":["GET"]}}],"collection":[{"href":"https:\/\/meier-gerdingh.de\/wp-spd-ob\/wp-json\/wp\/v2\/posts"}],"about":[{"href":"https:\/\/meier-gerdingh.de\/wp-spd-ob\/wp-json\/wp\/v2\/types\/post"}],"author":[{"embeddable":true,"href":"https:\/\/meier-gerdingh.de\/wp-spd-ob\/wp-json\/wp\/v2\/users\/1"}],"replies":[{"embeddable":true,"href":"https:\/\/meier-gerdingh.de\/wp-spd-ob\/wp-json\/wp\/v2\/comments?post=8050"}],"version-history":[{"count":0,"href":"https:\/\/meier-gerdingh.de\/wp-spd-ob\/wp-json\/wp\/v2\/posts\/8050\/revisions"}],"wp:attachment":[{"href":"https:\/\/meier-gerdingh.de\/wp-spd-ob\/wp-json\/wp\/v2\/media?parent=8050"}],"wp:term":[{"taxonomy":"category","embeddable":true,"href":"https:\/\/meier-gerdingh.de\/wp-spd-ob\/wp-json\/wp\/v2\/categories?post=8050"},{"taxonomy":"post_tag","embeddable":true,"href":"https:\/\/meier-gerdingh.de\/wp-spd-ob\/wp-json\/wp\/v2\/tags?post=8050"},{"taxonomy":"quellen","embeddable":true,"href":"https:\/\/meier-gerdingh.de\/wp-spd-ob\/wp-json\/wp\/v2\/quellen?post=8050"}],"curies":[{"name":"wp","href":"https:\/\/api.w.org\/{rel}","templated":true}]}}