{"id":8055,"date":"2021-03-08T22:28:53","date_gmt":"2021-03-08T21:28:53","guid":{"rendered":"https:\/\/meier-gerdingh.de\/wp-spd-ob\/?p=8055"},"modified":"2021-03-08T22:36:01","modified_gmt":"2021-03-08T21:36:01","slug":"alstadener-spd-wuenscht-machbarkeitsstudie-zur-weiterentwicklung-des-ruhrparks","status":"publish","type":"post","link":"https:\/\/meier-gerdingh.de\/wp-spd-ob\/2021\/03\/08\/alstadener-spd-wuenscht-machbarkeitsstudie-zur-weiterentwicklung-des-ruhrparks\/","title":{"rendered":"Alstadener SPD w\u00fcnscht Machbarkeitsstudie zur Weiterentwicklung des Ruhrparks"},"content":{"rendered":"<p><a href=\"https:\/\/meier-gerdingh.de\/wp-spd-ob\/wp-content\/uploads\/banner_ov_west_neu.jpg\"><img decoding=\"async\" class=\"aligncenter size-full wp-image-1778\" src=\"https:\/\/meier-gerdingh.de\/wp-spd-ob\/wp-content\/uploads\/banner_ov_west_neu.jpg\" alt=\"\" width=\"600\" height=\"150\" srcset=\"https:\/\/meier-gerdingh.de\/wp-spd-ob\/wp-content\/uploads\/banner_ov_west_neu.jpg 600w, https:\/\/meier-gerdingh.de\/wp-spd-ob\/wp-content\/uploads\/banner_ov_west_neu-300x75.jpg 300w\" sizes=\"(max-width: 600px) 100vw, 600px\" \/><\/a>Innerhalb der SPD in Alstaden und Lirich wird weiterhin intensiv \u00fcber die Zukunft des Ruhrparks diskutiert. Aus diesem Grund werden Mitte M\u00e4rz gleich zwei Antr\u00e4ge in die Bezirksvertretung Alt-Oberhausen eingebracht.<\/p>\n<div id=\"attachment_8051\" style=\"width: 190px\" class=\"wp-caption alignleft\"><a href=\"https:\/\/meier-gerdingh.de\/wp-spd-ob\/wp-content\/uploads\/2021\/03\/ov-west-heitmann-alexis-lg.jpg\"><img aria-describedby=\"caption-attachment-8051\" decoding=\"async\" class=\"size-full wp-image-8051\" src=\"https:\/\/meier-gerdingh.de\/wp-spd-ob\/wp-content\/uploads\/2021\/03\/ov-west-heitmann-alexis.jpg\" alt=\"\" width=\"180\" height=\"180\" srcset=\"https:\/\/meier-gerdingh.de\/wp-spd-ob\/wp-content\/uploads\/2021\/03\/ov-west-heitmann-alexis.jpg 180w, https:\/\/meier-gerdingh.de\/wp-spd-ob\/wp-content\/uploads\/2021\/03\/ov-west-heitmann-alexis-150x150.jpg 150w\" sizes=\"(max-width: 180px) 100vw, 180px\" \/><\/a><p id=\"caption-attachment-8051\" class=\"wp-caption-text\">Alexis Heitmann ist Vorsitzender des SPD-Ortsvereins Oberhausen-West<\/p><\/div>\n<p>Die Wege im Park sind nach dem Winter in teils desolatem Zustand. Daher bittet die SPD-Fraktion im <a href=\"https:\/\/allris.oberhausen.de\/bi\/___tmp\/tmp\/45081036790378460\/790378460\/00258305\/05.pdf\">ersten Antrag<\/a> um kurzfristige Ausbesserung des Wegenetzes, damit der Park auch weiterhin von Menschen mit Rollator oder Kinderwagen genutzt werden kann. Auch soll der k\u00fcnftige Einsatz kleiner Elektrofahrzeuge zur Parkpflege gepr\u00fcft werden, da die Wege teils massiv unter der Nutzung der konventionellen LKW der st\u00e4dtischen Tochterunternehmen leiden.<!--more--><\/p>\n<p>Mit einem <a href=\"https:\/\/allris.oberhausen.de\/bi\/___tmp\/tmp\/45081036790378460\/790378460\/00258313\/13.pdf\">zweiten Antrag<\/a> richtet die SPD den Blick auf die Um- und Neugestaltung des Parks im Zuge der Internationalen Gartenausstellung 2027. Hier wird die Verwaltung um einen aktuellen Sachstandsbericht gebeten. Auch soll dargestellt werden, wie die finanziellen Rahmenbedingungen f\u00fcr die \u00dcberplanung des Parks beschaffen sind.<\/p>\n<div id=\"attachment_8053\" style=\"width: 190px\" class=\"wp-caption alignright\"><a href=\"https:\/\/meier-gerdingh.de\/wp-spd-ob\/wp-content\/uploads\/2021\/03\/ov-west-horn-denise-lg.jpg\"><img aria-describedby=\"caption-attachment-8053\" decoding=\"async\" class=\"size-full wp-image-8053\" src=\"https:\/\/meier-gerdingh.de\/wp-spd-ob\/wp-content\/uploads\/2021\/03\/ov-west-horn-denise.jpg\" alt=\"\" width=\"180\" height=\"180\" srcset=\"https:\/\/meier-gerdingh.de\/wp-spd-ob\/wp-content\/uploads\/2021\/03\/ov-west-horn-denise.jpg 180w, https:\/\/meier-gerdingh.de\/wp-spd-ob\/wp-content\/uploads\/2021\/03\/ov-west-horn-denise-150x150.jpg 150w\" sizes=\"(max-width: 180px) 100vw, 180px\" \/><\/a><p id=\"caption-attachment-8053\" class=\"wp-caption-text\">Denise Horn ist Mitglied des Rates der Stadt Oberhausen f\u00fcr Alstaden-Ost<\/p><\/div>\n<p>&#8222;Wichtig ist uns vor allem, sicherzustellen, dass der Ruhrpark als zentrale Naherholungseinrichtung der Alstadener B\u00fcrgerinnen und B\u00fcrger auch dann eine Aufwertung erf\u00e4hrt, falls er aus dem IGA-Projekt herausfallen sollte,&#8220; f\u00fchrt die Stadtverordnete Denise Horn aus.<\/p>\n<p>&#8222;Als n\u00e4chsten Schritt sollte die Stadtverwaltung kurzfristig eine Machbarkeitsstudie in Auftrag geben,&#8220; erkl\u00e4rt Alexis Heitmann, Vorsitzender der SPD in Alstaden und Lirich. Gerade mit Blick auf die Umgestaltung des Sportplatzes an der Solbadstra\u00dfe l\u00e4gen bereits eine Reihe guter Vorschl\u00e4ge auf dem Tisch:<\/p>\n<p>&#8222;Hier w\u00e4re f\u00fcr uns die Ausweitung des Spielplatzes und der Mountainbike-Strecke ebenso vorstellbar wie die Schaffung einer Multifunktionssportfl\u00e4che zur Entlastung der Sportanlage Kuhle. Auch k\u00f6nnten die bereits vorhandenen Sanit\u00e4ranlagen umgebaut und der \u00d6ffentlichkeit zug\u00e4nglich gemacht werden. Von Alstadener Vereinen wurde der spannende Vorschlag einer Mehrzweckfl\u00e4che Stadtteilfeste an uns herangetragen.&#8220;<\/p>\n<p>Wichtig sei, dass die Planungen nun z\u00fcgig Fahrt aufn\u00e4hmen, schlie\u00dflich sei das Jahr 2027 nicht mehr allzu fern.<\/p>\n","protected":false},"excerpt":{"rendered":"<p>Innerhalb der SPD in Alstaden und Lirich wird weiterhin intensiv \u00fcber die Zukunft des Ruhrparks diskutiert. Aus diesem Grund werden Mitte M\u00e4rz gleich zwei Antr\u00e4ge in die Bezirksvertretung Alt-Oberhausen eingebracht.&hellip; <\/p>\n","protected":false},"author":1,"featured_media":0,"comment_status":"closed","ping_status":"closed","sticky":false,"template":"","format":"standard","meta":{"footnotes":""},"categories":[47,167,29],"tags":[134,144,2775,183,1853,1774,2774],"quellen":[335],"class_list":["post-8055","post","type-post","status-publish","format-standard","hentry","category-sport","category-stadtteile","category-umwelt","tag-alstaden","tag-bezirksvertretung-alt-oberhausen","tag-internationale-gartenausstellung-2027","tag-lirich","tag-ruhrpark","tag-sportanlage-kuhle","tag-sportplatz-an-der-solbadstrasse","quellen-ov-west"],"_links":{"self":[{"href":"https:\/\/meier-gerdingh.de\/wp-spd-ob\/wp-json\/wp\/v2\/posts\/8055","targetHints":{"allow":["GET"]}}],"collection":[{"href":"https:\/\/meier-gerdingh.de\/wp-spd-ob\/wp-json\/wp\/v2\/posts"}],"about":[{"href":"https:\/\/meier-gerdingh.de\/wp-spd-ob\/wp-json\/wp\/v2\/types\/post"}],"author":[{"embeddable":true,"href":"https:\/\/meier-gerdingh.de\/wp-spd-ob\/wp-json\/wp\/v2\/users\/1"}],"replies":[{"embeddable":true,"href":"https:\/\/meier-gerdingh.de\/wp-spd-ob\/wp-json\/wp\/v2\/comments?post=8055"}],"version-history":[{"count":0,"href":"https:\/\/meier-gerdingh.de\/wp-spd-ob\/wp-json\/wp\/v2\/posts\/8055\/revisions"}],"wp:attachment":[{"href":"https:\/\/meier-gerdingh.de\/wp-spd-ob\/wp-json\/wp\/v2\/media?parent=8055"}],"wp:term":[{"taxonomy":"category","embeddable":true,"href":"https:\/\/meier-gerdingh.de\/wp-spd-ob\/wp-json\/wp\/v2\/categories?post=8055"},{"taxonomy":"post_tag","embeddable":true,"href":"https:\/\/meier-gerdingh.de\/wp-spd-ob\/wp-json\/wp\/v2\/tags?post=8055"},{"taxonomy":"quellen","embeddable":true,"href":"https:\/\/meier-gerdingh.de\/wp-spd-ob\/wp-json\/wp\/v2\/quellen?post=8055"}],"curies":[{"name":"wp","href":"https:\/\/api.w.org\/{rel}","templated":true}]}}