{"id":8068,"date":"2021-03-09T16:29:57","date_gmt":"2021-03-09T15:29:57","guid":{"rendered":"https:\/\/meier-gerdingh.de\/wp-spd-ob\/?p=8068"},"modified":"2021-03-09T16:40:53","modified_gmt":"2021-03-09T15:40:53","slug":"kuenstlersozialkasse-muss-kreative-besser-schuetzen-deutschland-braucht-seine-kuenstlerinnen-und-kuenstler","status":"publish","type":"post","link":"https:\/\/meier-gerdingh.de\/wp-spd-ob\/2021\/03\/09\/kuenstlersozialkasse-muss-kreative-besser-schuetzen-deutschland-braucht-seine-kuenstlerinnen-und-kuenstler\/","title":{"rendered":"K\u00fcnstlersozialkasse muss Kreative besser sch\u00fctzen &#8211; Deutschland braucht seine K\u00fcnstlerinnen  und K\u00fcnstler"},"content":{"rendered":"<div id=\"attachment_7690\" style=\"width: 170px\" class=\"wp-caption alignleft\"><a href=\"https:\/\/meier-gerdingh.de\/wp-spd-ob\/wp-content\/uploads\/2020\/11\/bongers-sonja-2020-lg.jpg\"><img aria-describedby=\"caption-attachment-7690\" decoding=\"async\" class=\"size-full wp-image-7690\" src=\"https:\/\/meier-gerdingh.de\/wp-spd-ob\/wp-content\/uploads\/2020\/11\/bongers-sonja-2020.jpg\" alt=\"\" width=\"160\" height=\"200\" \/><\/a><p id=\"caption-attachment-7690\" class=\"wp-caption-text\">Sonja Bongers ist Vorsitzende der SPD-Ratsfraktion und Mitglied des Landtags von Nordrhein-Westfalen<\/p><\/div>\n<p><em>Die SPD-Landtagabgeordnete Sonja Bongers unterst\u00fctzt das Anliegen vieler K\u00fcnstlerinnen und K\u00fcnstler und Publizistinnen und Publizisten in der K\u00fcnstlersozialkasse (KSK) besser in der Corona-Krise abgesichert zu werden.<\/em><\/p>\n<p>&#8222;In Gespr\u00e4chen mit betroffenen Journalisten, K\u00fcnstlern, Musikern, Schauspielern und Vertretern von Museen ist mir vielfach die Notlage geschildert worden, in der sich die Kreativen dieses Landes befinden. Den meisten steht das Wasser bis zum Hals. Umsatzeinbr\u00fcche von bis zu 90 Prozent in manchen Branchen. Und wir m\u00fcssen uns eins klar machen, eine Gesellschaft wie die unsere braucht Kreativit\u00e4t und Ideen. Deutschland braucht seine K\u00fcnstlerinnen und K\u00fcnstler und dazu rechne ich auch die vielen freien Journalisten. Was w\u00e4re das Leben, ohne das Wirken dieser Menschen.&#8220;<!--more--><\/p>\n<h3 class=\"spd-ob-crossheading\">Politik sollte handeln<\/h3>\n<p>Daher sollte die Politik jetzt angemessen reagieren und der Branche unter die Arme greifen. &#8222;Es kann nicht sein, dass Mitglieder der K\u00fcnstlersozialkasse dadurch, dass sie einen Brotjob annehmen, aus der KSK fliegen und damit ihr K\u00fcnstlerdasein formal beenden. Wir wissen doch alle, wie umfangreich und un\u00fcbersichtlich das Aufnahmeprozedere dieser Beh\u00f6rde ist. Das geht nicht mal eben so. Hier m\u00fcssen jetzt vern\u00fcnftige L\u00f6sungen her, die den Betroffenen dienen und nicht in einigen Monaten. Dann sind die Leute am Ende. Das k\u00f6nnen spezielle F\u00f6rdert\u00f6pfe sein und der Abbau von b\u00fcrokratischen H\u00fcrden in Bezug zum Verblieb in der KSK&#8220;, so Bongers.<\/p>\n<h3 class=\"spd-ob-crossheading\">Mehr Anerkennung<\/h3>\n<p>Die Rechtspolitikerin erinnert daran, wie leidensf\u00e4hig gerade Menschen aus der Kreativwirtschaft sind. &#8222;Wir sollten dankbar sein, dass diese Leute sich nicht einfach Hartz IV abholen, sondern sich mit Jobs helfen wollen. Ich glaube nicht, dass das jeder in dieser Gesellschaft so machen w\u00fcrde. Das sollten wir anerkennen, denn es ist sicher nicht leicht, als Publizist, Maler oder Schauspieler an einer Supermarktkasse zu sitzen oder im Gesundheitsamt zu jobben&#8220;, so die SPD-Politikerin.<\/p>\n","protected":false},"excerpt":{"rendered":"<p>Die SPD-Landtagabgeordnete Sonja Bongers unterst\u00fctzt das Anliegen vieler K\u00fcnstlerinnen und K\u00fcnstler und Publizistinnen und Publizisten in der K\u00fcnstlersozialkasse (KSK) besser in der Corona-Krise abgesichert zu werden. &#8222;In Gespr\u00e4chen mit betroffenen&hellip; <\/p>\n","protected":false},"author":1,"featured_media":0,"comment_status":"closed","ping_status":"closed","sticky":false,"template":"","format":"standard","meta":{"footnotes":""},"categories":[2275,40],"tags":[2757,2463,2223,2228,2218,2779,2782,2140,2780,2781],"quellen":[1317],"class_list":["post-8068","post","type-post","status-publish","format-standard","hentry","category-corona-krise","category-kultur","tag-corona-lockdown","tag-corona-pandemie","tag-coronavirus","tag-coronavirus-krise","tag-covid-19-krise","tag-journalistinnen-und-journalisten","tag-kreative","tag-kreativwirtschaft","tag-kuenstlerinnen-und-kuenstler","tag-kuenstlersozialkasse","quellen-mdl-sonja-bongers"],"_links":{"self":[{"href":"https:\/\/meier-gerdingh.de\/wp-spd-ob\/wp-json\/wp\/v2\/posts\/8068","targetHints":{"allow":["GET"]}}],"collection":[{"href":"https:\/\/meier-gerdingh.de\/wp-spd-ob\/wp-json\/wp\/v2\/posts"}],"about":[{"href":"https:\/\/meier-gerdingh.de\/wp-spd-ob\/wp-json\/wp\/v2\/types\/post"}],"author":[{"embeddable":true,"href":"https:\/\/meier-gerdingh.de\/wp-spd-ob\/wp-json\/wp\/v2\/users\/1"}],"replies":[{"embeddable":true,"href":"https:\/\/meier-gerdingh.de\/wp-spd-ob\/wp-json\/wp\/v2\/comments?post=8068"}],"version-history":[{"count":0,"href":"https:\/\/meier-gerdingh.de\/wp-spd-ob\/wp-json\/wp\/v2\/posts\/8068\/revisions"}],"wp:attachment":[{"href":"https:\/\/meier-gerdingh.de\/wp-spd-ob\/wp-json\/wp\/v2\/media?parent=8068"}],"wp:term":[{"taxonomy":"category","embeddable":true,"href":"https:\/\/meier-gerdingh.de\/wp-spd-ob\/wp-json\/wp\/v2\/categories?post=8068"},{"taxonomy":"post_tag","embeddable":true,"href":"https:\/\/meier-gerdingh.de\/wp-spd-ob\/wp-json\/wp\/v2\/tags?post=8068"},{"taxonomy":"quellen","embeddable":true,"href":"https:\/\/meier-gerdingh.de\/wp-spd-ob\/wp-json\/wp\/v2\/quellen?post=8068"}],"curies":[{"name":"wp","href":"https:\/\/api.w.org\/{rel}","templated":true}]}}