{"id":8085,"date":"2021-03-15T19:52:49","date_gmt":"2021-03-15T18:52:49","guid":{"rendered":"https:\/\/meier-gerdingh.de\/wp-spd-ob\/?p=8085"},"modified":"2021-03-15T19:52:49","modified_gmt":"2021-03-15T18:52:49","slug":"spd-will-wohnen-im-alter-staerken","status":"publish","type":"post","link":"https:\/\/meier-gerdingh.de\/wp-spd-ob\/2021\/03\/15\/spd-will-wohnen-im-alter-staerken\/","title":{"rendered":"SPD will Wohnen im Alter st\u00e4rken"},"content":{"rendered":"<div id=\"attachment_6411\" style=\"width: 190px\" class=\"wp-caption alignleft\"><a href=\"https:\/\/meier-gerdingh.de\/wp-spd-ob\/wp-content\/uploads\/2019\/06\/14_telli_ercan_1000.jpg\"><img aria-describedby=\"caption-attachment-6411\" decoding=\"async\" class=\"size-full wp-image-6411\" src=\"https:\/\/meier-gerdingh.de\/wp-spd-ob\/wp-content\/uploads\/2019\/06\/14_telli_ercan.jpg\" alt=\"\" width=\"180\" height=\"180\" srcset=\"https:\/\/meier-gerdingh.de\/wp-spd-ob\/wp-content\/uploads\/2019\/06\/14_telli_ercan.jpg 180w, https:\/\/meier-gerdingh.de\/wp-spd-ob\/wp-content\/uploads\/2019\/06\/14_telli_ercan-150x150.jpg 150w\" sizes=\"(max-width: 180px) 100vw, 180px\" \/><\/a><p id=\"caption-attachment-6411\" class=\"wp-caption-text\">Ercan Telli ist sozialpolitischer Sprecher der SPD-Fraktion<\/p><\/div>\n<p>Die SPD-Fraktion fordert ein integriertes Handlungskonzept zum Thema &#8222;Wohnen im Alter&#8220;. Zudem soll die Verwaltung damit beauftragt werden, ein Konzept eines modellhaften, bezahlbaren Wohnangebots zu entwickeln, um neue Wohnformen auf dem Oberhausener Wohnungsmarkt zu etablieren.<\/p>\n<p>Das Handlungskonzept soll daf\u00fcr sorgen, dass Akteure wie Wohnungsunternehmen, Wohlfahrtsverb\u00e4nde, ambulante Dienstleister und st\u00e4dtische Dienststellen eng vernetzt neue Angebote entwickeln.<!--more--><\/p>\n<p>&#8222;Wir wollen es den Menschen erm\u00f6glichen, m\u00f6glichst lange in ihrem gewohnten Umfeld und den eigenen vier W\u00e4nden zu verbleiben&#8220;, erkl\u00e4rt der sozialpolitische Sprecher der SPD-Fraktion, Ercan Telli.<\/p>\n<p>Dazu geh\u00f6re nicht nur die barrierearme oder -freie Wohnungsausstattung, sondern ein Blick auf das Umfeld: Sind die notwendigen Dienstleistungsangebote f\u00fcr Seniorinnen und Senioren vorhanden, sind sie gut erreichbar? Sind Kultur- und Freitzeitangebote vor Ort, ist die \u00d6PNV-Anbindung ausreichend?<\/p>\n<p>&#8222;Wir haben in Oberhausen einen relativ gro\u00dfen Wohnbestand, der eigentlich nicht seniorengerecht ist&#8220;, erkl\u00e4rt Telli, &#8222;und das bei einer zunehmend alternden Stadtgesellschaft.&#8220;<\/p>\n<p>Helfen soll bei diesen Aufgaben eine &#8222;Koordinierungsstelle Wohnen im Alter \/ Barrierefreies Wohnen&#8220; als Kontaktstelle f\u00fcr die Wohnungswirtschaft, um die Schaffung von seniorengerechtem Wohnraum durch Beratung und Informationen zu unterst\u00fctzen.<\/p>\n","protected":false},"excerpt":{"rendered":"<p>Die SPD-Fraktion fordert ein integriertes Handlungskonzept zum Thema &#8222;Wohnen im Alter&#8220;. Zudem soll die Verwaltung damit beauftragt werden, ein Konzept eines modellhaften, bezahlbaren Wohnangebots zu entwickeln, um neue Wohnformen auf&hellip; <\/p>\n","protected":false},"author":1,"featured_media":0,"comment_status":"closed","ping_status":"closed","sticky":false,"template":"","format":"standard","meta":{"footnotes":""},"categories":[27,854],"tags":[2804,399,2805,2131,340,1990],"quellen":[326],"class_list":["post-8085","post","type-post","status-publish","format-standard","hentry","category-planen-bauen-wohnen-verkehr","category-senioren","tag-altengerechter-wohnraum","tag-barrierefreiheit","tag-kontaktstelle-wohnen-im-alter","tag-seniorinnen-und-senioren","tag-wohnen","tag-wohnen-im-alter","quellen-spd-fraktion-oberhausen"],"_links":{"self":[{"href":"https:\/\/meier-gerdingh.de\/wp-spd-ob\/wp-json\/wp\/v2\/posts\/8085","targetHints":{"allow":["GET"]}}],"collection":[{"href":"https:\/\/meier-gerdingh.de\/wp-spd-ob\/wp-json\/wp\/v2\/posts"}],"about":[{"href":"https:\/\/meier-gerdingh.de\/wp-spd-ob\/wp-json\/wp\/v2\/types\/post"}],"author":[{"embeddable":true,"href":"https:\/\/meier-gerdingh.de\/wp-spd-ob\/wp-json\/wp\/v2\/users\/1"}],"replies":[{"embeddable":true,"href":"https:\/\/meier-gerdingh.de\/wp-spd-ob\/wp-json\/wp\/v2\/comments?post=8085"}],"version-history":[{"count":0,"href":"https:\/\/meier-gerdingh.de\/wp-spd-ob\/wp-json\/wp\/v2\/posts\/8085\/revisions"}],"wp:attachment":[{"href":"https:\/\/meier-gerdingh.de\/wp-spd-ob\/wp-json\/wp\/v2\/media?parent=8085"}],"wp:term":[{"taxonomy":"category","embeddable":true,"href":"https:\/\/meier-gerdingh.de\/wp-spd-ob\/wp-json\/wp\/v2\/categories?post=8085"},{"taxonomy":"post_tag","embeddable":true,"href":"https:\/\/meier-gerdingh.de\/wp-spd-ob\/wp-json\/wp\/v2\/tags?post=8085"},{"taxonomy":"quellen","embeddable":true,"href":"https:\/\/meier-gerdingh.de\/wp-spd-ob\/wp-json\/wp\/v2\/quellen?post=8085"}],"curies":[{"name":"wp","href":"https:\/\/api.w.org\/{rel}","templated":true}]}}