{"id":8097,"date":"2021-03-18T19:14:24","date_gmt":"2021-03-18T18:14:24","guid":{"rendered":"https:\/\/meier-gerdingh.de\/wp-spd-ob\/?p=8097"},"modified":"2021-03-18T19:14:24","modified_gmt":"2021-03-18T18:14:24","slug":"senioren-sollen-die-digitale-welt-entdecken","status":"publish","type":"post","link":"https:\/\/meier-gerdingh.de\/wp-spd-ob\/2021\/03\/18\/senioren-sollen-die-digitale-welt-entdecken\/","title":{"rendered":"Senioren sollen die digitale Welt entdecken"},"content":{"rendered":"<div id=\"attachment_6411\" style=\"width: 190px\" class=\"wp-caption alignleft\"><a href=\"https:\/\/meier-gerdingh.de\/wp-spd-ob\/wp-content\/uploads\/2019\/06\/14_telli_ercan_1000.jpg\"><img aria-describedby=\"caption-attachment-6411\" decoding=\"async\" class=\"size-full wp-image-6411\" src=\"https:\/\/meier-gerdingh.de\/wp-spd-ob\/wp-content\/uploads\/2019\/06\/14_telli_ercan.jpg\" alt=\"\" width=\"180\" height=\"180\" srcset=\"https:\/\/meier-gerdingh.de\/wp-spd-ob\/wp-content\/uploads\/2019\/06\/14_telli_ercan.jpg 180w, https:\/\/meier-gerdingh.de\/wp-spd-ob\/wp-content\/uploads\/2019\/06\/14_telli_ercan-150x150.jpg 150w\" sizes=\"(max-width: 180px) 100vw, 180px\" \/><\/a><p id=\"caption-attachment-6411\" class=\"wp-caption-text\">Ercan Telli ist sozialpolitischer Sprecher der SPD-Fraktion<\/p><\/div>\n<p>Die SPD m\u00f6chte die Verwaltung mit der Ausarbeitung eines Konzepts f\u00fcr Schulungen zur Digitalisierung f\u00fcr Seniorinnen und Senioren beauftragen. Die Volkshochschule und die Quartiersb\u00fcros sollen dabei eingebunden werden.<\/p>\n<p>&#8222;Gerade w\u00e4hrend der Pandemie mit den Kontakt- und Ausgangsbeschr\u00e4nkungen haben viele \u00e4ltere Oberhausenerinnen und Oberhausener die M\u00f6glichkeiten digitaler Technologie kennen- und sch\u00e4tzen gelernt&#8220;, erkl\u00e4rt der soziapolitische Sprecher der SPD-Fraktion, Ercan Telli. Seien es Videotelefonate mit der Familie, digitale Nachbarschaftsplattformen, Videosprechstunden bei Medizinern und etliches mehr.<!--more--><\/p>\n<p>Digitale Teilhabe bietet gerade \u00e4lteren Menschen, deren Mobilit\u00e4t mit den Jahren abnimmt, vielf\u00e4ltige M\u00f6glichkeiten zur Selbstst\u00e4ndigkeit und dem Austausch mit anderen. &#8222;Doch daf\u00fcr m\u00fcssen sie die digitalen Kommunikations- und Informationstechnologien auch kennen, die Nutzung sollte etwas Selbstverst\u00e4ndliches werden&#8220;, beschreibt Telli.<\/p>\n<p>Etliche Informationsangebote sind ohne Internet schlie\u00dflich gar nicht mehr zug\u00e4nglich, mehr und mehr Dienstleistungen k\u00f6nnen nur noch online abgerufen werden.<\/p>\n<p>&#8222;Vielen Menschen scheint noch nicht klar zu sein, welche Folgen dieser Prozess f\u00fcr das Leben im Alter haben wird&#8220;, erkl\u00e4rt der Sozialpolitiker. &#8222;Das Leben von Seniorinnen und Senioren kann durch die Digitalisierung enorm verbessert werden. Die Menschen m\u00fcssen allerdings wissen, wie dies funktioniert&#8220;, so Telli abschlie\u00dfend.<\/p>\n","protected":false},"excerpt":{"rendered":"<p>Die SPD m\u00f6chte die Verwaltung mit der Ausarbeitung eines Konzepts f\u00fcr Schulungen zur Digitalisierung f\u00fcr Seniorinnen und Senioren beauftragen. Die Volkshochschule und die Quartiersb\u00fcros sollen dabei eingebunden werden. &#8222;Gerade w\u00e4hrend&hellip; <\/p>\n","protected":false},"author":1,"featured_media":0,"comment_status":"closed","ping_status":"closed","sticky":false,"template":"","format":"standard","meta":{"footnotes":""},"categories":[854],"tags":[2822,1486,2823,2824,2450,2131,1182,2821],"quellen":[326],"class_list":["post-8097","post","type-post","status-publish","format-standard","hentry","category-senioren","tag-digitale-teilhabe","tag-digitalisierung","tag-informationstechnologien","tag-internet","tag-quartiersbueros","tag-seniorinnen-und-senioren","tag-vhs","tag-volkshochschule","quellen-spd-fraktion-oberhausen"],"_links":{"self":[{"href":"https:\/\/meier-gerdingh.de\/wp-spd-ob\/wp-json\/wp\/v2\/posts\/8097","targetHints":{"allow":["GET"]}}],"collection":[{"href":"https:\/\/meier-gerdingh.de\/wp-spd-ob\/wp-json\/wp\/v2\/posts"}],"about":[{"href":"https:\/\/meier-gerdingh.de\/wp-spd-ob\/wp-json\/wp\/v2\/types\/post"}],"author":[{"embeddable":true,"href":"https:\/\/meier-gerdingh.de\/wp-spd-ob\/wp-json\/wp\/v2\/users\/1"}],"replies":[{"embeddable":true,"href":"https:\/\/meier-gerdingh.de\/wp-spd-ob\/wp-json\/wp\/v2\/comments?post=8097"}],"version-history":[{"count":0,"href":"https:\/\/meier-gerdingh.de\/wp-spd-ob\/wp-json\/wp\/v2\/posts\/8097\/revisions"}],"wp:attachment":[{"href":"https:\/\/meier-gerdingh.de\/wp-spd-ob\/wp-json\/wp\/v2\/media?parent=8097"}],"wp:term":[{"taxonomy":"category","embeddable":true,"href":"https:\/\/meier-gerdingh.de\/wp-spd-ob\/wp-json\/wp\/v2\/categories?post=8097"},{"taxonomy":"post_tag","embeddable":true,"href":"https:\/\/meier-gerdingh.de\/wp-spd-ob\/wp-json\/wp\/v2\/tags?post=8097"},{"taxonomy":"quellen","embeddable":true,"href":"https:\/\/meier-gerdingh.de\/wp-spd-ob\/wp-json\/wp\/v2\/quellen?post=8097"}],"curies":[{"name":"wp","href":"https:\/\/api.w.org\/{rel}","templated":true}]}}