{"id":81,"date":"2001-06-26T16:00:00","date_gmt":"2001-06-26T14:00:00","guid":{"rendered":"http:\/\/www.meier-gerdingh.de\/spd-oberhausen\/wp\/?p=81"},"modified":"2017-05-12T11:04:28","modified_gmt":"2017-05-12T09:04:28","slug":"vom-politischen-schlagwort-zum-konkreten-projekt","status":"publish","type":"post","link":"https:\/\/meier-gerdingh.de\/wp-spd-ob\/2001\/06\/26\/vom-politischen-schlagwort-zum-konkreten-projekt\/","title":{"rendered":"Vom politischen Schlagwort zum konkreten Projekt"},"content":{"rendered":"<div style=\"width: 140px\" class=\"wp-caption alignleft\"><a href=\"http:\/\/meier-gerdingh.de\/wp-spd-ob\/wp-content\/uploads\/puzzle.jpg\"><img decoding=\"async\" class=\"size-full\" src=\"http:\/\/meier-gerdingh.de\/wp-spd-ob\/wp-content\/uploads\/puzzle.jpg\" alt=\"Ruhrstadt\" width=\"130\" height=\"93\" \/><\/a><p class=\"wp-caption-text\">Ruhrstadt<\/p><\/div>\n<p>Die Oberhausener Sozialdemokraten gehen beim Thema &#8222;Ruhrstadt&#8220; in die Offensive. In einem Grundsatzpapier, das am Montag abend vom UB-Vorstand verabschiedet wurde, formuliert die SPD weitreichende Zukunftsperspektiven f\u00fcr das Ruhrgebiet.<!--more--><\/p>\n<p>Erstmals macht dabei eine \u00f6rtliche Parteigliederung einen ganz konkreten Organisationsvorschlag f\u00fcr eine neue institutionelle Klammer im Ruhrgebiet: Mit der Einrichtung eines &#8222;Zweckverbandes Ruhrstadt&#8220; sollen die Bem\u00fchungen um mehr Zusammenarbeit und Kooperation forciert und die identit\u00e4tsstiftende Vision der &#8222;Ruhrstadt&#8220; zu einem konkreten Projekt weiterentwickelt werden.<\/p>\n<p>&#8222;Der Ruhrstadt-Gedanke&#8220;, so SPD-Fraktionschef Michael Groschek, MdL, &#8222;ist eine ganz gro\u00dfe Chance f\u00fcr unsere Region. Denn ab dem Jahre 2006, dem Auslaufdatum besonderer EU-Hilfen, wird das Ruhrgebiet noch mehr auf ausgepr\u00e4gtes Selbstbewusstsein, Selbstverwaltungskompetenz und Selbstentwicklungskraft angewiesen sein.&#8220;<\/p>\n<p>Erstes und wichtigstes Ziel m\u00fcsse die St\u00e4rkung der eigenen Entwicklungskraft sein, um zukunftssichere und zukunftsorientierte Arbeitspl\u00e4tze zu schaffen.<\/p>\n<p>Oberhausens SPD-Vorsitzender Hartmut Schmidt verspricht sich von dem vorliegenden Entwurf, dass endlich eine z\u00fcgige, zielorientierte Entscheidung f\u00fcr die Ruhrstadt herbeigef\u00fchrt wird. &#8222;Letztendlich m\u00fcssen&#8220;, so Hartmut Schmidt&#8220; &#8222;aus Diskussionen nunmehr konkrete Schritte f\u00fcr die B\u00fcrgerinnen und B\u00fcrger des Ruhrgebietes werden.&#8220;<\/p>\n<p>Der Antragsentwurf als pdf-Dokument:<\/p>\n","protected":false},"excerpt":{"rendered":"<p>Die Oberhausener Sozialdemokraten gehen beim Thema &#8222;Ruhrstadt&#8220; in die Offensive. In einem Grundsatzpapier, das am Montag abend vom UB-Vorstand verabschiedet wurde, formuliert die SPD weitreichende Zukunftsperspektiven f\u00fcr das Ruhrgebiet.<\/p>\n","protected":false},"author":1,"featured_media":0,"comment_status":"closed","ping_status":"closed","sticky":false,"template":"","format":"standard","meta":{"footnotes":""},"categories":[1],"tags":[],"quellen":[],"class_list":["post-81","post","type-post","status-publish","format-standard","hentry","category-allgemein"],"_links":{"self":[{"href":"https:\/\/meier-gerdingh.de\/wp-spd-ob\/wp-json\/wp\/v2\/posts\/81","targetHints":{"allow":["GET"]}}],"collection":[{"href":"https:\/\/meier-gerdingh.de\/wp-spd-ob\/wp-json\/wp\/v2\/posts"}],"about":[{"href":"https:\/\/meier-gerdingh.de\/wp-spd-ob\/wp-json\/wp\/v2\/types\/post"}],"author":[{"embeddable":true,"href":"https:\/\/meier-gerdingh.de\/wp-spd-ob\/wp-json\/wp\/v2\/users\/1"}],"replies":[{"embeddable":true,"href":"https:\/\/meier-gerdingh.de\/wp-spd-ob\/wp-json\/wp\/v2\/comments?post=81"}],"version-history":[{"count":0,"href":"https:\/\/meier-gerdingh.de\/wp-spd-ob\/wp-json\/wp\/v2\/posts\/81\/revisions"}],"wp:attachment":[{"href":"https:\/\/meier-gerdingh.de\/wp-spd-ob\/wp-json\/wp\/v2\/media?parent=81"}],"wp:term":[{"taxonomy":"category","embeddable":true,"href":"https:\/\/meier-gerdingh.de\/wp-spd-ob\/wp-json\/wp\/v2\/categories?post=81"},{"taxonomy":"post_tag","embeddable":true,"href":"https:\/\/meier-gerdingh.de\/wp-spd-ob\/wp-json\/wp\/v2\/tags?post=81"},{"taxonomy":"quellen","embeddable":true,"href":"https:\/\/meier-gerdingh.de\/wp-spd-ob\/wp-json\/wp\/v2\/quellen?post=81"}],"curies":[{"name":"wp","href":"https:\/\/api.w.org\/{rel}","templated":true}]}}