{"id":811,"date":"2010-12-03T17:00:00","date_gmt":"2010-12-03T15:00:00","guid":{"rendered":"http:\/\/www.meier-gerdingh.de\/spd-oberhausen\/wp\/?p=811"},"modified":"2017-05-16T16:31:23","modified_gmt":"2017-05-16T14:31:23","slug":"spd-fordert-aufklaerung-zum-gruendstueckskauf-fuer-das-finanzamt","status":"publish","type":"post","link":"https:\/\/meier-gerdingh.de\/wp-spd-ob\/2010\/12\/03\/spd-fordert-aufklaerung-zum-gruendstueckskauf-fuer-das-finanzamt\/","title":{"rendered":"SPD fordert Aufkl\u00e4rung zum Gr\u00fcndst\u00fcckskauf f\u00fcr das Finanzamt"},"content":{"rendered":"<div style=\"width: 150px\" class=\"wp-caption alignleft\"><a href=\"http:\/\/meier-gerdingh.de\/wp-spd-ob\/wp-content\/uploads\/landtagganz1.jpg\"><img decoding=\"async\" class=\"size-full\" src=\"http:\/\/meier-gerdingh.de\/wp-spd-ob\/wp-content\/uploads\/landtagganz1.jpg\" alt=\"Der Landtag von Nordrhein-Westfalen\" width=\"140\" height=\"187\" \/><\/a><p class=\"wp-caption-text\">Der Landtag von Nordrhein-Westfalen<\/p><\/div>\n<p>Im Rahmen einer Aktuellen Stunde im Landtag k\u00fcndigte Landesfinanzminister Norbert-Walter Borjans (SPD) angesichts der Vorg\u00e4nge um das Landesarchiv in Duisburg eine umfassende Aufkl\u00e4rung der in den letzten Jahren erfolgten Grundst\u00fccksgesch\u00e4fte des Landes an. Die Zustimmung der zust\u00e4ndigen Staatsanwaltschaft vorausgesetzt, werde er die entsprechenden Vorg\u00e4nge erg\u00e4nzend zu den bereits laufenden staatsanwaltlichen Ermittlungen von unabh\u00e4ngigen Wirtschaftspr\u00fcfern untersuchen lassen.<!--more--><\/p>\n<p>Betroffen ist davon auch der Kauf eines Grundst\u00fcckes in Oberhausen. Der damalige Finanzminister Linssen hatte seinerzeit geplant, die Oberhausener Finanz\u00e4mter in der Neuen Mitte zusammen zu legen. Zu diesem Zweck wurde ein entsprechendes Grundst\u00fcck von einer landeseigenen Gesellschaft erworben.<\/p>\n<p>Nun fordern die Oberhausener SPD-Landtagsabgeordneten Wolfgang Gro\u00dfe Br\u00f6mer und Stefan Zimkeit eine umfassende Aufkl\u00e4rung dieses Vorgangs. &#8222;Insbesondere soll dabei gepr\u00fcft werden&#8220;, erl\u00e4uterte Gro\u00dfe Br\u00f6mer am Rande der heutigen Plenardebatte in D\u00fcsseldorf, &#8222;ob auch bei diesem Grundst\u00fccksgesch\u00e4ft ein Zwischenverkauf stattgefunden hat und ob dem Land dadurch zus\u00e4tzliche Kosten entstanden sind.&#8220;<\/p>\n<p>Weiterhin k\u00fcndigten Gro\u00dfe Br\u00f6mer und Zimkeit an, Gespr\u00e4che mit der Stadt und dem Land zu f\u00fchren, ob die M\u00f6glichkeit besteht, das Finanzamt nicht in der Neuen Mitte, sondern in der Oberhausener Innenstadt zu konzentrieren. Dies, so Wolfgang Gro\u00dfe Br\u00f6mer, der auch Vorsitzender der SPD-Ratsfraktion ist, habe auch der Rat der Stadt gefordert, um die Innenstadt zu st\u00e4rken.<\/p>\n<p>&#8222;Ich hoffe sehr, dass die alte Landesregierung noch keine unumst\u00f6\u00dflichen Fakten geschaffen hat&#8220;, so Stefan Zimkeit (SPD) abschlie\u00dfend.<\/p>\n","protected":false},"excerpt":{"rendered":"<p>Im Rahmen einer Aktuellen Stunde im Landtag k\u00fcndigte Landesfinanzminister Norbert-Walter Borjans (SPD) angesichts der Vorg\u00e4nge um das Landesarchiv in Duisburg eine umfassende Aufkl\u00e4rung der in den letzten Jahren erfolgten Grundst\u00fccksgesch\u00e4fte&hellip; <\/p>\n","protected":false},"author":1,"featured_media":0,"comment_status":"closed","ping_status":"closed","sticky":false,"template":"","format":"standard","meta":{"footnotes":""},"categories":[1],"tags":[],"quellen":[],"class_list":["post-811","post","type-post","status-publish","format-standard","hentry","category-allgemein"],"_links":{"self":[{"href":"https:\/\/meier-gerdingh.de\/wp-spd-ob\/wp-json\/wp\/v2\/posts\/811","targetHints":{"allow":["GET"]}}],"collection":[{"href":"https:\/\/meier-gerdingh.de\/wp-spd-ob\/wp-json\/wp\/v2\/posts"}],"about":[{"href":"https:\/\/meier-gerdingh.de\/wp-spd-ob\/wp-json\/wp\/v2\/types\/post"}],"author":[{"embeddable":true,"href":"https:\/\/meier-gerdingh.de\/wp-spd-ob\/wp-json\/wp\/v2\/users\/1"}],"replies":[{"embeddable":true,"href":"https:\/\/meier-gerdingh.de\/wp-spd-ob\/wp-json\/wp\/v2\/comments?post=811"}],"version-history":[{"count":0,"href":"https:\/\/meier-gerdingh.de\/wp-spd-ob\/wp-json\/wp\/v2\/posts\/811\/revisions"}],"wp:attachment":[{"href":"https:\/\/meier-gerdingh.de\/wp-spd-ob\/wp-json\/wp\/v2\/media?parent=811"}],"wp:term":[{"taxonomy":"category","embeddable":true,"href":"https:\/\/meier-gerdingh.de\/wp-spd-ob\/wp-json\/wp\/v2\/categories?post=811"},{"taxonomy":"post_tag","embeddable":true,"href":"https:\/\/meier-gerdingh.de\/wp-spd-ob\/wp-json\/wp\/v2\/tags?post=811"},{"taxonomy":"quellen","embeddable":true,"href":"https:\/\/meier-gerdingh.de\/wp-spd-ob\/wp-json\/wp\/v2\/quellen?post=811"}],"curies":[{"name":"wp","href":"https:\/\/api.w.org\/{rel}","templated":true}]}}