{"id":8115,"date":"2021-03-28T14:22:10","date_gmt":"2021-03-28T12:22:10","guid":{"rendered":"https:\/\/meier-gerdingh.de\/wp-spd-ob\/?p=8115"},"modified":"2021-03-29T14:27:29","modified_gmt":"2021-03-29T12:27:29","slug":"gedenken-an-100-jahre-stadtrechte-osterfeld","status":"publish","type":"post","link":"https:\/\/meier-gerdingh.de\/wp-spd-ob\/2021\/03\/28\/gedenken-an-100-jahre-stadtrechte-osterfeld\/","title":{"rendered":"Gedenken an 100 Jahre Stadtrechte Osterfeld"},"content":{"rendered":"<p><a href=\"https:\/\/meier-gerdingh.de\/wp-spd-ob\/wp-content\/uploads\/2021\/03\/ov-osterfeld.jpg\"><img decoding=\"async\" class=\"aligncenter size-full wp-image-8113\" src=\"https:\/\/meier-gerdingh.de\/wp-spd-ob\/wp-content\/uploads\/2021\/03\/ov-osterfeld.jpg\" alt=\"\" width=\"720\" height=\"145\" srcset=\"https:\/\/meier-gerdingh.de\/wp-spd-ob\/wp-content\/uploads\/2021\/03\/ov-osterfeld.jpg 720w, https:\/\/meier-gerdingh.de\/wp-spd-ob\/wp-content\/uploads\/2021\/03\/ov-osterfeld-300x60.jpg 300w\" sizes=\"(max-width: 720px) 100vw, 720px\" \/><\/a> <a href=\"https:\/\/meier-gerdingh.de\/wp-spd-ob\/wp-content\/uploads\/2021\/03\/stadtrechte-osterfeld-2021.jpg\"><img decoding=\"async\" class=\"alignleft size-full wp-image-8114\" src=\"https:\/\/meier-gerdingh.de\/wp-spd-ob\/wp-content\/uploads\/2021\/03\/stadtrechte-osterfeld-2021.jpg\" alt=\"\" width=\"300\" height=\"158\" \/><\/a>Am 17. Juni 1921 erhielt Osterfeld die Stadtrechte. Dies war der positiven Entwicklung Osterfelds geschuldet. Auch wenn dieses Recht auf Eigenst\u00e4ndigkeit der Stadt nicht lange anhielt, m\u00f6chten wir dieses Ereignis mit allen Osterfelderinnen und Osterfeldern gemeinsam gedenken. Aus diesem Grund laden wir Sie zu einem <strong>Treffen am 30. M\u00e4rz um 18.00 Uhr \u00fcber Teams<\/strong> ein.<\/p>\n<p>Dann werden wir gemeinsam dar\u00fcber nachdenken, wie wir diese 100 Jahre geb\u00fchrend und Corona konform feiern k\u00f6nnten. M\u00f6glich w\u00e4ren zum Beispiel feste Installationen von Geschichtstafeln, kleine k\u00fcnstlerische Aktionen w\u00e4hrend des<br \/>\nWochenmarktes oder\/und ein Fest auf der Gildenstra\u00dfe.<!--more--><\/p>\n<p>Wir w\u00fcrden uns freuen, wenn Sie sich an der Ideensammlung und Ausf\u00fchrung beteiligen w\u00fcrden und bitten um R\u00fcckmeldung an <a href=\"mailto:helga.grothe@gmx.de\">helga.grothe@gmx.de<\/a>. Einen Link zur Teamssitzung werden wir Ihnen dann zusenden.<\/p>\n","protected":false},"excerpt":{"rendered":"<p>Am 17. Juni 1921 erhielt Osterfeld die Stadtrechte. Dies war der positiven Entwicklung Osterfelds geschuldet. Auch wenn dieses Recht auf Eigenst\u00e4ndigkeit der Stadt nicht lange anhielt, m\u00f6chten wir dieses Ereignis&hellip; <\/p>\n","protected":false},"author":1,"featured_media":0,"comment_status":"closed","ping_status":"closed","sticky":false,"template":"","format":"standard","meta":{"footnotes":""},"categories":[167],"tags":[2846,41],"quellen":[339],"class_list":["post-8115","post","type-post","status-publish","format-standard","hentry","category-stadtteile","tag-100-jahre-stadtrechte-osterfeld","tag-osterfeld","quellen-ov-osterfeld"],"_links":{"self":[{"href":"https:\/\/meier-gerdingh.de\/wp-spd-ob\/wp-json\/wp\/v2\/posts\/8115","targetHints":{"allow":["GET"]}}],"collection":[{"href":"https:\/\/meier-gerdingh.de\/wp-spd-ob\/wp-json\/wp\/v2\/posts"}],"about":[{"href":"https:\/\/meier-gerdingh.de\/wp-spd-ob\/wp-json\/wp\/v2\/types\/post"}],"author":[{"embeddable":true,"href":"https:\/\/meier-gerdingh.de\/wp-spd-ob\/wp-json\/wp\/v2\/users\/1"}],"replies":[{"embeddable":true,"href":"https:\/\/meier-gerdingh.de\/wp-spd-ob\/wp-json\/wp\/v2\/comments?post=8115"}],"version-history":[{"count":0,"href":"https:\/\/meier-gerdingh.de\/wp-spd-ob\/wp-json\/wp\/v2\/posts\/8115\/revisions"}],"wp:attachment":[{"href":"https:\/\/meier-gerdingh.de\/wp-spd-ob\/wp-json\/wp\/v2\/media?parent=8115"}],"wp:term":[{"taxonomy":"category","embeddable":true,"href":"https:\/\/meier-gerdingh.de\/wp-spd-ob\/wp-json\/wp\/v2\/categories?post=8115"},{"taxonomy":"post_tag","embeddable":true,"href":"https:\/\/meier-gerdingh.de\/wp-spd-ob\/wp-json\/wp\/v2\/tags?post=8115"},{"taxonomy":"quellen","embeddable":true,"href":"https:\/\/meier-gerdingh.de\/wp-spd-ob\/wp-json\/wp\/v2\/quellen?post=8115"}],"curies":[{"name":"wp","href":"https:\/\/api.w.org\/{rel}","templated":true}]}}