{"id":8116,"date":"2021-03-30T14:56:52","date_gmt":"2021-03-30T12:56:52","guid":{"rendered":"https:\/\/meier-gerdingh.de\/wp-spd-ob\/?p=8116"},"modified":"2021-03-30T14:56:52","modified_gmt":"2021-03-30T12:56:52","slug":"rassistische-angriffe-sind-empoerend-und-beschaemend","status":"publish","type":"post","link":"https:\/\/meier-gerdingh.de\/wp-spd-ob\/2021\/03\/30\/rassistische-angriffe-sind-empoerend-und-beschaemend\/","title":{"rendered":"Rassistische Angriffe sind emp\u00f6rend und besch\u00e4mend"},"content":{"rendered":"<div id=\"attachment_1681\" style=\"width: 150px\" class=\"wp-caption alignleft\"><a href=\"https:\/\/meier-gerdingh.de\/wp-spd-ob\/wp-content\/uploads\/voepel_dirk_mdb.jpg\"><img aria-describedby=\"caption-attachment-1681\" decoding=\"async\" class=\"size-full wp-image-1681\" src=\"https:\/\/meier-gerdingh.de\/wp-spd-ob\/wp-content\/uploads\/voepel_dirk_mdb.jpg\" alt=\"\" width=\"140\" height=\"180\" \/><\/a><p id=\"caption-attachment-1681\" class=\"wp-caption-text\">Dirk V\u00f6pel ist Bundestagsabgeordneter f\u00fcr Oberhausen und Dinslaken und Vorsitzender der Oberhausener SPD<\/p><\/div>\n<p>Als emp\u00f6rend und besch\u00e4mend bezeichnet MdB Dirk V\u00f6pel die Bedrohungen und rassistischen Attacken, die den gr\u00fcnen Politiker Tareq Alaows heute zum R\u00fcckzug von der Bundestagskandidatur in Dinslaken und Oberhausen veranlasst haben. Leider geh\u00f6rt es mittlerweile zum Alltag, dass Politikerinnen und Politiker auf allen politischen Ebenen beleidigt werden und sogar Morddrohungen erhalten. &#8222;Wo sind wir eigentlich schon wieder hingekommen, wenn politisch engagierte Menschen durch offene Gewaltandrohungen gegen sich selbst und ihnen Nahestehenden davon abgehalten werden, ihre elementarsten demokratischen Grundrechte wahrzunehmen?&#8220;, so V\u00f6pel w\u00f6rtlich.<!--more--><\/p>\n<p>&#8222;Es darf nicht sein, dass Menschen immer wieder keine andere M\u00f6glichkeit sehen, als von Mandaten oder Kandidatur zur\u00fcckzutreten, um sich selbst und ihr soziales Umfeld vor Hass und Hetze zu sch\u00fctzen. In der Politik muss es um einen sachlichen und fairen Wettstreit um die besten Ideen gehen und nicht darum Menschen aufgrund ihres Geschlechts, ihrer Herkunft oder weil sie eine andere Meinung vertreten, einzusch\u00fcchtern oder zu bedrohen.&#8220;<\/p>\n","protected":false},"excerpt":{"rendered":"<p>Als emp\u00f6rend und besch\u00e4mend bezeichnet MdB Dirk V\u00f6pel die Bedrohungen und rassistischen Attacken, die den gr\u00fcnen Politiker Tareq Alaows heute zum R\u00fcckzug von der Bundestagskandidatur in Dinslaken und Oberhausen veranlasst&hellip; <\/p>\n","protected":false},"author":1,"featured_media":0,"comment_status":"closed","ping_status":"closed","sticky":false,"template":"","format":"standard","meta":{"footnotes":""},"categories":[404,178],"tags":[2848,2847,2521],"quellen":[330],"class_list":["post-8116","post","type-post","status-publish","format-standard","hentry","category-gemeinsam-gegen-rechts","category-wahlen","tag-bundestagswahl-2021","tag-grundrechte","tag-rassismus","quellen-mdb-dirk-voepel"],"_links":{"self":[{"href":"https:\/\/meier-gerdingh.de\/wp-spd-ob\/wp-json\/wp\/v2\/posts\/8116","targetHints":{"allow":["GET"]}}],"collection":[{"href":"https:\/\/meier-gerdingh.de\/wp-spd-ob\/wp-json\/wp\/v2\/posts"}],"about":[{"href":"https:\/\/meier-gerdingh.de\/wp-spd-ob\/wp-json\/wp\/v2\/types\/post"}],"author":[{"embeddable":true,"href":"https:\/\/meier-gerdingh.de\/wp-spd-ob\/wp-json\/wp\/v2\/users\/1"}],"replies":[{"embeddable":true,"href":"https:\/\/meier-gerdingh.de\/wp-spd-ob\/wp-json\/wp\/v2\/comments?post=8116"}],"version-history":[{"count":0,"href":"https:\/\/meier-gerdingh.de\/wp-spd-ob\/wp-json\/wp\/v2\/posts\/8116\/revisions"}],"wp:attachment":[{"href":"https:\/\/meier-gerdingh.de\/wp-spd-ob\/wp-json\/wp\/v2\/media?parent=8116"}],"wp:term":[{"taxonomy":"category","embeddable":true,"href":"https:\/\/meier-gerdingh.de\/wp-spd-ob\/wp-json\/wp\/v2\/categories?post=8116"},{"taxonomy":"post_tag","embeddable":true,"href":"https:\/\/meier-gerdingh.de\/wp-spd-ob\/wp-json\/wp\/v2\/tags?post=8116"},{"taxonomy":"quellen","embeddable":true,"href":"https:\/\/meier-gerdingh.de\/wp-spd-ob\/wp-json\/wp\/v2\/quellen?post=8116"}],"curies":[{"name":"wp","href":"https:\/\/api.w.org\/{rel}","templated":true}]}}