{"id":8143,"date":"2021-04-25T21:59:36","date_gmt":"2021-04-25T19:59:36","guid":{"rendered":"https:\/\/meier-gerdingh.de\/wp-spd-ob\/?p=8143"},"modified":"2021-04-25T22:00:13","modified_gmt":"2021-04-25T20:00:13","slug":"in-osterfeld-fehlen-113-betreuungsplaetze-in-kitas","status":"publish","type":"post","link":"https:\/\/meier-gerdingh.de\/wp-spd-ob\/2021\/04\/25\/in-osterfeld-fehlen-113-betreuungsplaetze-in-kitas\/","title":{"rendered":"In Osterfeld fehlen 113 Betreuungspl\u00e4tze in Kitas"},"content":{"rendered":"<p><a href=\"https:\/\/meier-gerdingh.de\/wp-spd-ob\/wp-content\/uploads\/2021\/04\/ov-osterfeld-logo.png\"><img decoding=\"async\" class=\"alignleft size-full wp-image-8142\" src=\"https:\/\/meier-gerdingh.de\/wp-spd-ob\/wp-content\/uploads\/2021\/04\/ov-osterfeld-logo.png\" alt=\"\" width=\"200\" height=\"200\" srcset=\"https:\/\/meier-gerdingh.de\/wp-spd-ob\/wp-content\/uploads\/2021\/04\/ov-osterfeld-logo.png 200w, https:\/\/meier-gerdingh.de\/wp-spd-ob\/wp-content\/uploads\/2021\/04\/ov-osterfeld-logo-150x150.png 150w\" sizes=\"(max-width: 200px) 100vw, 200px\" \/><\/a>Trotz Neu- und Erweiterungsbauten fehlen in Osterfeld im Jahr 2021\/22 immer noch 113 Pl\u00e4tze f\u00fcr Kinder unter 6 Jahren. Wir bringen immer wieder, zuletzt in der letzten Bezirksvertretungssitzung, das brachliegende Hallenbadgel\u00e4nde zum Neubau einer Kita ins Gespr\u00e4ch. Wir hoffen, dass dies bei den Planungen bedacht wird. F\u00fcr das Gel\u00e4nde gibt es eine B\u00fcrgerbeteiligung auf <a href=\"https:\/\/www.oberhausen.de\/de\/index\/rathaus\/buergerbeteiligung\/projekte\/hallenbad-osterfeld-nachnutzung-vorhaben.php\">https:\/\/www.oberhausen.de\/de\/index\/rathaus\/buergerbeteiligung\/projekte\/hallenbad-osterfeld-nachnutzung-vorhaben.php<\/a>.<!--more--><\/p>\n<p>Bitte bringt dort eure Ideen und Anliegen ein. Und unterst\u00fctzt unsere Forderung nach einer Kindertagesst\u00e4tte an dieser Stelle.<\/p>\n","protected":false},"excerpt":{"rendered":"<p>Trotz Neu- und Erweiterungsbauten fehlen in Osterfeld im Jahr 2021\/22 immer noch 113 Pl\u00e4tze f\u00fcr Kinder unter 6 Jahren. Wir bringen immer wieder, zuletzt in der letzten Bezirksvertretungssitzung, das brachliegende&hellip; <\/p>\n","protected":false},"author":1,"featured_media":0,"comment_status":"closed","ping_status":"closed","sticky":false,"template":"","format":"standard","meta":{"footnotes":""},"categories":[179],"tags":[185,133,407,604,1752,41],"quellen":[339],"class_list":["post-8143","post","type-post","status-publish","format-standard","hentry","category-kinder-und-jugendliche","tag-bezirksvertretung-osterfeld","tag-buergerbeteiligung","tag-hallenbadgelaende-osterfeld","tag-kindertagesstaetten","tag-ktes","tag-osterfeld","quellen-ov-osterfeld"],"_links":{"self":[{"href":"https:\/\/meier-gerdingh.de\/wp-spd-ob\/wp-json\/wp\/v2\/posts\/8143","targetHints":{"allow":["GET"]}}],"collection":[{"href":"https:\/\/meier-gerdingh.de\/wp-spd-ob\/wp-json\/wp\/v2\/posts"}],"about":[{"href":"https:\/\/meier-gerdingh.de\/wp-spd-ob\/wp-json\/wp\/v2\/types\/post"}],"author":[{"embeddable":true,"href":"https:\/\/meier-gerdingh.de\/wp-spd-ob\/wp-json\/wp\/v2\/users\/1"}],"replies":[{"embeddable":true,"href":"https:\/\/meier-gerdingh.de\/wp-spd-ob\/wp-json\/wp\/v2\/comments?post=8143"}],"version-history":[{"count":0,"href":"https:\/\/meier-gerdingh.de\/wp-spd-ob\/wp-json\/wp\/v2\/posts\/8143\/revisions"}],"wp:attachment":[{"href":"https:\/\/meier-gerdingh.de\/wp-spd-ob\/wp-json\/wp\/v2\/media?parent=8143"}],"wp:term":[{"taxonomy":"category","embeddable":true,"href":"https:\/\/meier-gerdingh.de\/wp-spd-ob\/wp-json\/wp\/v2\/categories?post=8143"},{"taxonomy":"post_tag","embeddable":true,"href":"https:\/\/meier-gerdingh.de\/wp-spd-ob\/wp-json\/wp\/v2\/tags?post=8143"},{"taxonomy":"quellen","embeddable":true,"href":"https:\/\/meier-gerdingh.de\/wp-spd-ob\/wp-json\/wp\/v2\/quellen?post=8143"}],"curies":[{"name":"wp","href":"https:\/\/api.w.org\/{rel}","templated":true}]}}