{"id":8150,"date":"2021-04-28T13:07:16","date_gmt":"2021-04-28T11:07:16","guid":{"rendered":"https:\/\/meier-gerdingh.de\/wp-spd-ob\/?p=8150"},"modified":"2021-04-29T13:09:51","modified_gmt":"2021-04-29T11:09:51","slug":"gefaehrdete-berufsgruppen-prioritaer-impfen","status":"publish","type":"post","link":"https:\/\/meier-gerdingh.de\/wp-spd-ob\/2021\/04\/28\/gefaehrdete-berufsgruppen-prioritaer-impfen\/","title":{"rendered":"Gef\u00e4hrdete Berufsgruppen priorit\u00e4r impfen"},"content":{"rendered":"<div id=\"attachment_4242\" style=\"width: 150px\" class=\"wp-caption alignleft\"><a href=\"https:\/\/meier-gerdingh.de\/wp-spd-ob\/wp-content\/uploads\/2017\/05\/zimkeit_stefan_17.jpg\"><img aria-describedby=\"caption-attachment-4242\" decoding=\"async\" class=\"size-full wp-image-4242\" src=\"https:\/\/meier-gerdingh.de\/wp-spd-ob\/wp-content\/uploads\/2017\/05\/zimkeit_stefan_17.jpg\" alt=\"\" width=\"140\" height=\"192\" \/><\/a><p id=\"caption-attachment-4242\" class=\"wp-caption-text\">Stefan Zimkeit ist Landtagsabgeordneter f\u00fcr Oberhausen-Sterkrade und Dinslaken sowie haushalts- und finanzpolitischer Sprecher der SPD-Landtagsfraktion<\/p><\/div>\n<p>&#8222;Das darf erst geschehen, wenn das Verkaufspersonal, Busfahrerinnen und Busfahrer, die Feuerwehr und andere gef\u00e4hrdete Berufs- und Risikogruppen vollst\u00e4ndig geimpft sind&#8220;, warnt Stefan Zimkeit vor einer voreiligen Aufhebung der Priorisierung beim Impfen.<\/p>\n<p>&#8222;Es geht um die Menschen, die in der Krise das Land am Laufen gehalten haben und dies weiterhin tun&#8220;, begr\u00fcndet der SPD-Abgeordnete seine Bedenken. &#8222;Diese Berufsgruppen d\u00fcrfen bei der Impfung nicht hinten anstehen. Viele von ihnen haben keine M\u00f6glichkeit, sich tagelang in Telefonwarteschleifen zu begeben, um einen Impftermin zu bekommen.&#8220;<!--more--><\/p>\n<p>Unbedingt notwendig sei es, verst\u00e4rkt dort zu impfen, wo die Infektionszahlen die h\u00f6chsten sind. &#8222;Wer mit seiner Familie in einer kleinen Wohnung ohne Garten wohnt, ist einem h\u00f6heren Infektionsrisiko ausgesetzt.&#8220; Zimkeit fordert deshalb besondere Impfangebote etwa durch mobile Teams in hoch verdichteten Wohngebieten.<\/p>\n<p>&#8222;Es macht wenig Sinn, zuerst dort zu impfen, wo es wenig Infektionen gibt&#8220;, verweist Stefan Zimkeit auf Untersuchungen aus K\u00f6ln, wo die Inzidenzwerte in unterschiedlichen Stadtteilen zwischen null und f\u00fcnfhundert schwanken. &#8222;Corona verst\u00e4rkt die soziale Spaltung in unserem Land, hier m\u00fcssen wir dringend entgegensteuern&#8220;, betont Zimkeit. Dies gelte beim Impfen und genauso auch dann, wenn die Pandemie abebbt.<\/p>\n<p>&#8222;Wir brauchen ein Programm f\u00fcr den sozialen und wirtschaftlichen Neustart mit Investitionen in Bildung und mehr soziale Gerechtigkeit&#8220;, sagt der finanzpolitische Sprecher der SPD-Landtagsfraktion.<\/p>\n","protected":false},"excerpt":{"rendered":"<p>&#8222;Das darf erst geschehen, wenn das Verkaufspersonal, Busfahrerinnen und Busfahrer, die Feuerwehr und andere gef\u00e4hrdete Berufs- und Risikogruppen vollst\u00e4ndig geimpft sind&#8220;, warnt Stefan Zimkeit vor einer voreiligen Aufhebung der Priorisierung&hellip; <\/p>\n","protected":false},"author":1,"featured_media":0,"comment_status":"closed","ping_status":"closed","sticky":false,"template":"","format":"standard","meta":{"footnotes":""},"categories":[174,2275,297],"tags":[2875,2463,2874,2739,2223,2228,2218,2878,2877,2876],"quellen":[331],"class_list":["post-8150","post","type-post","status-publish","format-standard","hentry","category-arbeit-und-soziales","category-corona-krise","category-gesundheit","tag-corona-impfungen","tag-corona-pandemie","tag-corona-risikogruppen","tag-corona-schnelltests","tag-coronavirus","tag-coronavirus-krise","tag-covid-19-krise","tag-gefaehrdete-berufsgruppen","tag-impfpriorisierung","tag-impfungen","quellen-mdl-stefan-zimkeit"],"_links":{"self":[{"href":"https:\/\/meier-gerdingh.de\/wp-spd-ob\/wp-json\/wp\/v2\/posts\/8150","targetHints":{"allow":["GET"]}}],"collection":[{"href":"https:\/\/meier-gerdingh.de\/wp-spd-ob\/wp-json\/wp\/v2\/posts"}],"about":[{"href":"https:\/\/meier-gerdingh.de\/wp-spd-ob\/wp-json\/wp\/v2\/types\/post"}],"author":[{"embeddable":true,"href":"https:\/\/meier-gerdingh.de\/wp-spd-ob\/wp-json\/wp\/v2\/users\/1"}],"replies":[{"embeddable":true,"href":"https:\/\/meier-gerdingh.de\/wp-spd-ob\/wp-json\/wp\/v2\/comments?post=8150"}],"version-history":[{"count":0,"href":"https:\/\/meier-gerdingh.de\/wp-spd-ob\/wp-json\/wp\/v2\/posts\/8150\/revisions"}],"wp:attachment":[{"href":"https:\/\/meier-gerdingh.de\/wp-spd-ob\/wp-json\/wp\/v2\/media?parent=8150"}],"wp:term":[{"taxonomy":"category","embeddable":true,"href":"https:\/\/meier-gerdingh.de\/wp-spd-ob\/wp-json\/wp\/v2\/categories?post=8150"},{"taxonomy":"post_tag","embeddable":true,"href":"https:\/\/meier-gerdingh.de\/wp-spd-ob\/wp-json\/wp\/v2\/tags?post=8150"},{"taxonomy":"quellen","embeddable":true,"href":"https:\/\/meier-gerdingh.de\/wp-spd-ob\/wp-json\/wp\/v2\/quellen?post=8150"}],"curies":[{"name":"wp","href":"https:\/\/api.w.org\/{rel}","templated":true}]}}