{"id":8152,"date":"2021-04-29T15:05:34","date_gmt":"2021-04-29T13:05:34","guid":{"rendered":"https:\/\/meier-gerdingh.de\/wp-spd-ob\/?p=8152"},"modified":"2021-04-29T15:05:34","modified_gmt":"2021-04-29T13:05:34","slug":"langzeitarbeitslosigkeit-mit-staatlichen-mitteln-angehen-mehr-oeffentliche-jobs","status":"publish","type":"post","link":"https:\/\/meier-gerdingh.de\/wp-spd-ob\/2021\/04\/29\/langzeitarbeitslosigkeit-mit-staatlichen-mitteln-angehen-mehr-oeffentliche-jobs\/","title":{"rendered":"Langzeitarbeitslosigkeit mit staatlichen Mitteln angehen \u2013 mehr \u00f6ffentliche Jobs"},"content":{"rendered":"<div id=\"attachment_7690\" style=\"width: 170px\" class=\"wp-caption alignleft\"><a href=\"https:\/\/meier-gerdingh.de\/wp-spd-ob\/wp-content\/uploads\/2020\/11\/bongers-sonja-2020-lg.jpg\"><img aria-describedby=\"caption-attachment-7690\" decoding=\"async\" class=\"size-full wp-image-7690\" src=\"https:\/\/meier-gerdingh.de\/wp-spd-ob\/wp-content\/uploads\/2020\/11\/bongers-sonja-2020.jpg\" alt=\"\" width=\"160\" height=\"200\" \/><\/a><p id=\"caption-attachment-7690\" class=\"wp-caption-text\">Sonja Bongers ist Vorsitzende der SPD-Ratsfraktion und Mitglied des Landtags von Nordrhein-Westfalen<\/p><\/div>\n<p>Die SPD-Landtagsabgeordnete Sonja Bongers hat sich angesichts der deutlichen Zunahme von Langzeitarbeitslosen f\u00fcr einen vermehrten Ausbau des \u00f6ffentlichen Besch\u00e4ftigungssektors ausgesprochen.<\/p>\n<p>&#8222;Die Zahlen sind alarmierend. Wir m\u00fcssen jetzt handeln. Die Menschen wollen ja arbeiten, die Gesellschaft muss ihnen nur die M\u00f6glichkeit dazu geben. Wenn Unternehmen das nicht k\u00f6nnen, muss der Staat eingreifen Es ist ja nicht so, dass es nichts zu tun gibt. Wir haben die Instrumente in Oberhausen, m\u00fcssen dieses jetzt aber endlich auch nutzen. Es gibt zahlreiche F\u00f6rderm\u00f6glichkeiten aus unterschiedlichen T\u00f6pfen.&#8220;<!--more--><\/p>\n<h3 class=\"spd-ob-crossheading\">Perspektiven geben<\/h3>\n<p>Die SPD-Politikerin h\u00e4lt verschiedene Modelle f\u00fcr praktikabel. &#8222;Durch finanzielle Unterst\u00fctzung f\u00fcr Betriebe oder die Besch\u00e4ftigung in st\u00e4dtischen Unternehmen k\u00f6nnten eine ganze Reihe von Menschen jetzt aufgefangen werden und wieder mit einer Perspektive ausgestattet werden. Das k\u00f6nnten unter anderem Jobs im Sozialwesen, im st\u00e4dtischen Dienstleistungsbereich oder in handwerklichen Betrieben sein&#8220;, sagte Bongers angesichts der Zahlen, die die Regionaldirektion NRW der Bundesagentur f\u00fcr Arbeit vorgelegt hatte.<\/p>\n<h3 class=\"spd-ob-crossheading\">Fast 340.000 Langzeitarbeitslose in NRW \u2013 6300 in Oberhausen<\/h3>\n<p>Nach den neuesten Erhebungen waren in Nordrhein-Westfalen, auch bedingt durch die Corona-Krise, im April dieses Jahres fast 338.000 Menschen ein Jahr und l\u00e4nger arbeitslos gemeldet. In Oberhausen sind derzeit 6300 Arbeitssuchende betroffen. Das entspricht einer Zunahme von fast 33 Prozent, wie es im aktuellen Bericht der Regionaldirektion NRW der Bundesagentur f\u00fcr Arbeit hei\u00dft. Zuletzt waren die Zahlen vor sieben Jahren so hoch. Besonders im Ruhrgebiet scheint sich die Langzeitarbeitslosigkeit zu verfestigen.<\/p>\n<h3 class=\"spd-ob-crossheading\">Zehn Prozent Arbeitslosigkeit in Oberhausen<\/h3>\n<p>Dagegen ist der Anstieg der gesamten Arbeitslosigkeit in NRW<br \/>\nbislang moderat. Im April gab es saisonbedingt einen leichten R\u00fcckgang. In Oberhausen betrug die Arbeitslosenquote zehn Prozent. Sie liegt damit unter dem Ruhrgebietsdurchschnitt von 10,5 Prozent.<\/p>\n","protected":false},"excerpt":{"rendered":"<p>Die SPD-Landtagsabgeordnete Sonja Bongers hat sich angesichts der deutlichen Zunahme von Langzeitarbeitslosen f\u00fcr einen vermehrten Ausbau des \u00f6ffentlichen Besch\u00e4ftigungssektors ausgesprochen. &#8222;Die Zahlen sind alarmierend. Wir m\u00fcssen jetzt handeln. Die Menschen&hellip; <\/p>\n","protected":false},"author":1,"featured_media":0,"comment_status":"closed","ping_status":"closed","sticky":false,"template":"","format":"standard","meta":{"footnotes":""},"categories":[174],"tags":[1594,903,2887,2888,2886,1647,1306],"quellen":[1317],"class_list":["post-8152","post","type-post","status-publish","format-standard","hentry","category-arbeit-und-soziales","tag-arbeitslosigkeit","tag-beschaeftigungsfoerderung","tag-beschaeftigungsprogramme","tag-bfa-regionaldirektion-nrw","tag-bundesagentur-fuer-arbeit","tag-langzeitarbeitslosgkeit","tag-ruhrgebiet","quellen-mdl-sonja-bongers"],"_links":{"self":[{"href":"https:\/\/meier-gerdingh.de\/wp-spd-ob\/wp-json\/wp\/v2\/posts\/8152","targetHints":{"allow":["GET"]}}],"collection":[{"href":"https:\/\/meier-gerdingh.de\/wp-spd-ob\/wp-json\/wp\/v2\/posts"}],"about":[{"href":"https:\/\/meier-gerdingh.de\/wp-spd-ob\/wp-json\/wp\/v2\/types\/post"}],"author":[{"embeddable":true,"href":"https:\/\/meier-gerdingh.de\/wp-spd-ob\/wp-json\/wp\/v2\/users\/1"}],"replies":[{"embeddable":true,"href":"https:\/\/meier-gerdingh.de\/wp-spd-ob\/wp-json\/wp\/v2\/comments?post=8152"}],"version-history":[{"count":0,"href":"https:\/\/meier-gerdingh.de\/wp-spd-ob\/wp-json\/wp\/v2\/posts\/8152\/revisions"}],"wp:attachment":[{"href":"https:\/\/meier-gerdingh.de\/wp-spd-ob\/wp-json\/wp\/v2\/media?parent=8152"}],"wp:term":[{"taxonomy":"category","embeddable":true,"href":"https:\/\/meier-gerdingh.de\/wp-spd-ob\/wp-json\/wp\/v2\/categories?post=8152"},{"taxonomy":"post_tag","embeddable":true,"href":"https:\/\/meier-gerdingh.de\/wp-spd-ob\/wp-json\/wp\/v2\/tags?post=8152"},{"taxonomy":"quellen","embeddable":true,"href":"https:\/\/meier-gerdingh.de\/wp-spd-ob\/wp-json\/wp\/v2\/quellen?post=8152"}],"curies":[{"name":"wp","href":"https:\/\/api.w.org\/{rel}","templated":true}]}}