{"id":8153,"date":"2021-04-29T15:16:29","date_gmt":"2021-04-29T13:16:29","guid":{"rendered":"https:\/\/meier-gerdingh.de\/wp-spd-ob\/?p=8153"},"modified":"2021-04-29T15:16:29","modified_gmt":"2021-04-29T13:16:29","slug":"kita-gebuehren-muessen-bei-fehlender-betreuung-erstattet-werden-solidaritaet-der-landesregierung-aber-nur-auf-zwei-monate-beschraenkt","status":"publish","type":"post","link":"https:\/\/meier-gerdingh.de\/wp-spd-ob\/2021\/04\/29\/kita-gebuehren-muessen-bei-fehlender-betreuung-erstattet-werden-solidaritaet-der-landesregierung-aber-nur-auf-zwei-monate-beschraenkt\/","title":{"rendered":"&#8222;Kita-Geb\u00fchren m\u00fcssen bei fehlender Betreuung erstattet werden \u2013 Solidarit\u00e4t der Landesregierung aber nur auf zwei Monate beschr\u00e4nkt&#8220;"},"content":{"rendered":"<div id=\"attachment_8088\" style=\"width: 170px\" class=\"wp-caption alignleft\"><a href=\"https:\/\/meier-gerdingh.de\/wp-spd-ob\/wp-content\/uploads\/2021\/03\/mdl-frederick-cordes-lg.jpg\"><img aria-describedby=\"caption-attachment-8088\" decoding=\"async\" class=\"size-full wp-image-8088\" src=\"https:\/\/meier-gerdingh.de\/wp-spd-ob\/wp-content\/uploads\/2021\/03\/mdl-frederick-cordes.jpg\" alt=\"\" width=\"160\" height=\"200\" \/><\/a><p id=\"caption-attachment-8088\" class=\"wp-caption-text\">Frederick Cordes ist Mitglied des Landtags von Nordrhein-Westfalen<\/p><\/div>\n<p>Seit Beginn der Pandemie sind die Kindertageseinrichtungen, die Tagespflege und die offenen Ganztagsschulen (OGS) immer wieder nur eingeschr\u00e4nkt ge\u00f6ffnet \u2013 teilweise waren sie ganz geschlossen. Mit Inkrafttreten der Notbremse sind die Einrichtungen in vielen St\u00e4dten und Gemeinden wieder auf Notbetreuung umgestiegen. Viele Familien stemmen seit dieser Zeit die Betreuung ihrer Kinder neben ihrem Beruf. Das stellt Eltern und insbesondere Alleinerziehende vor immense Herausforderungen. Es ist ungerecht, dass gleichzeitig bei fehlender Betreuung weiter Elternbeitr\u00e4ge bezahlt werden m\u00fcssen.<!--more--><\/p>\n<p>&#8222;F\u00fcr eine Betreuung, die man nicht oder nur teilweise in Anspruch nehmen kann, die vollen Beitr\u00e4ge zu zahlen, ist ungerecht und Eltern beschweren sich zurecht dar\u00fcber. Familien stehen in dieser Zeit unter besonderem Druck. Da ist es das mindeste, sie von Beitr\u00e4gen f\u00fcr eine Leistung zu befreien, die nicht in Anspruch genommen werden kann&#8220;, kommentiert Frederick Cordes, Landtagsabgeordneter aus Oberhausen die Verweigerung der Landesregierung, die Beitr\u00e4ge der letzten Monate zu erstatten.<\/p>\n<p>&#8222;Die SPD-Fraktion im Landtag hat schon im April 2020 gefordert, dass Beitr\u00e4ge ausgesetzt werden m\u00fcssen, solange die regul\u00e4re Betreuung nicht wieder aufgenommen werden kann. Das hin und her der Landesregierung fesselt Familien in Unsicherheit und muss aufh\u00f6ren&#8220;, so Cordes weiter.<\/p>\n<p>Familienminister Joachim Stamp hat den kommunalen Spitzenverb\u00e4nden angeboten, die Beitr\u00e4ge lediglich f\u00fcr zwei Monate (Mai und Juni) zu erstatten. Allerdings unter dem Vorbehalt, dass im laufenden Kindergartenjahr dar\u00fcber hinaus keine weitere Erstattung erfolgt. &#8222;Wieder wird den Familien in der Pandemie eine enorme Solidarleistung abverlangt. Die Solidarit\u00e4t der Landesregierung ist hingegen wieder begrenzt, diesmal maximal auf zwei Monate, unabh\u00e4ngig davon, was in diesem Jahr noch passiert&#8220;, so Cordes.<\/p>\n<p>Die kommunalen Spitzenverb\u00e4nde haben das Angebot bereits als &#8222;unzureichend&#8220; zur\u00fcckgewiesen und kritisieren die Verweigerungshaltung der Landesregierung. Es brauche laut Cordes jetzt eine klare Entscheidung des Ministerpr\u00e4sidenten: &#8222;Der Ministerpr\u00e4sident und Kanzlerkandidat Armin Laschet kann die Familien nicht weiter im Stich lassen. Das Geld f\u00fcr eine vollst\u00e4ndige Erstattung ist da. Der 25 Milliarden Euro schwere Rettungsschirm des Landes ist genau f\u00fcr solche F\u00e4lle aufgelegt worden.&#8220;<\/p>\n","protected":false},"excerpt":{"rendered":"<p>Seit Beginn der Pandemie sind die Kindertageseinrichtungen, die Tagespflege und die offenen Ganztagsschulen (OGS) immer wieder nur eingeschr\u00e4nkt ge\u00f6ffnet \u2013 teilweise waren sie ganz geschlossen. Mit Inkrafttreten der Notbremse sind&hellip; <\/p>\n","protected":false},"author":1,"featured_media":0,"comment_status":"closed","ping_status":"closed","sticky":false,"template":"","format":"standard","meta":{"footnotes":""},"categories":[2275,179,216],"tags":[1024,2889,2463,2572,2223,2228,2218,782,2892,2891,168,604,778,1752,2890,1603],"quellen":[2806],"class_list":["post-8153","post","type-post","status-publish","format-standard","hentry","category-corona-krise","category-kinder-und-jugendliche","category-land","tag-alleinerziehende","tag-corona-notbremse","tag-corona-pandemie","tag-corona-rettungsschirm","tag-coronavirus","tag-coronavirus-krise","tag-covid-19-krise","tag-elternbeitraege","tag-familien","tag-kinder-notbetreuung","tag-kinderbetreuung","tag-kindertagesstaetten","tag-kita-gebuehren","tag-ktes","tag-offene-ganztagsschulen","tag-ogs","quellen-mdl-frederick-cordes"],"_links":{"self":[{"href":"https:\/\/meier-gerdingh.de\/wp-spd-ob\/wp-json\/wp\/v2\/posts\/8153","targetHints":{"allow":["GET"]}}],"collection":[{"href":"https:\/\/meier-gerdingh.de\/wp-spd-ob\/wp-json\/wp\/v2\/posts"}],"about":[{"href":"https:\/\/meier-gerdingh.de\/wp-spd-ob\/wp-json\/wp\/v2\/types\/post"}],"author":[{"embeddable":true,"href":"https:\/\/meier-gerdingh.de\/wp-spd-ob\/wp-json\/wp\/v2\/users\/1"}],"replies":[{"embeddable":true,"href":"https:\/\/meier-gerdingh.de\/wp-spd-ob\/wp-json\/wp\/v2\/comments?post=8153"}],"version-history":[{"count":0,"href":"https:\/\/meier-gerdingh.de\/wp-spd-ob\/wp-json\/wp\/v2\/posts\/8153\/revisions"}],"wp:attachment":[{"href":"https:\/\/meier-gerdingh.de\/wp-spd-ob\/wp-json\/wp\/v2\/media?parent=8153"}],"wp:term":[{"taxonomy":"category","embeddable":true,"href":"https:\/\/meier-gerdingh.de\/wp-spd-ob\/wp-json\/wp\/v2\/categories?post=8153"},{"taxonomy":"post_tag","embeddable":true,"href":"https:\/\/meier-gerdingh.de\/wp-spd-ob\/wp-json\/wp\/v2\/tags?post=8153"},{"taxonomy":"quellen","embeddable":true,"href":"https:\/\/meier-gerdingh.de\/wp-spd-ob\/wp-json\/wp\/v2\/quellen?post=8153"}],"curies":[{"name":"wp","href":"https:\/\/api.w.org\/{rel}","templated":true}]}}