{"id":816,"date":"2011-01-20T17:00:00","date_gmt":"2011-01-20T15:00:00","guid":{"rendered":"http:\/\/www.meier-gerdingh.de\/spd-oberhausen\/wp\/?p=816"},"modified":"2017-05-16T14:53:57","modified_gmt":"2017-05-16T12:53:57","slug":"mitmachen-bei-der-europawoche-2011","status":"publish","type":"post","link":"https:\/\/meier-gerdingh.de\/wp-spd-ob\/2011\/01\/20\/mitmachen-bei-der-europawoche-2011\/","title":{"rendered":"Mitmachen bei der Europawoche 2011"},"content":{"rendered":"<div style=\"width: 150px\" class=\"wp-caption alignleft\"><a href=\"http:\/\/meier-gerdingh.de\/wp-spd-ob\/wp-content\/uploads\/groschek_michael_09.jpg\"><img decoding=\"async\" class=\"size-full\" src=\"http:\/\/meier-gerdingh.de\/wp-spd-ob\/wp-content\/uploads\/groschek_michael_09.jpg\" alt=\"Michael Groschek ist Generalsekret\u00e4r der NRWSPD und Bundestagsabgeordneter f\u00fcr Oberhausen und Dinslaken\" width=\"140\" height=\"186\" \/><\/a><p class=\"wp-caption-text\">Michael Groschek ist Generalsekret\u00e4r der NRWSPD und Bundestagsabgeordneter f\u00fcr Oberhausen und Dinslaken<\/p><\/div>\n<p>Wie schon in den vergangenen Jahren, wird es auch im Jahr 2011 wieder eine Europawoche geben. Sie wird gemeinsam von den L\u00e4ndern, der Europ\u00e4ischen Kommission, dem Europ\u00e4ischen Parlament und der Bundesregierung durchgef\u00fchrt. Vom 6. bis 16. Mai 2011 sollen Workshops, Seminare, Tagungen, Konferenzen, Lesungen, Gespr\u00e4chsrunden oder andere innovative Projekte die B\u00fcrgerinnen und B\u00fcrger in ganz Deutschland anregen, sich mit Europa zu besch\u00e4ftigen. Das Land Nordrhein-Westfalen l\u00e4dt deshalb Vereine, Kommunen, Kammern, Verb\u00e4nde, Schulen, Hochschulen und viele andere Institutionen ein, sich an der Europawoche mit Veranstaltungen zur gemeinsamen Zukunft Europas zu beteiligen. Das Anliegen ist es, dass diese Veranstaltungen m\u00f6glichst viele Menschen erreichen.<!--more--><\/p>\n<p>Der Bundestagsabgeordnete Michael Groschek ruft daher insbesondere die Vereine, Kammern, Verb\u00e4nde und Schulen aus Dinslaken und Oberhausen auf, die M\u00f6glichkeiten der Europawoche zu nutzen, um engagiert f\u00fcr ein gemeinsames Europa einzutreten. Die Landesregierung unterst\u00fctzt die Engagements dabei nach Kr\u00e4ften. Das betrifft sowohl die M\u00f6glichkeit einer finanziellen F\u00f6rderung als auch die Pr\u00e4sentation der Veranstaltungen auf der Homepage der Landesregierung. Die Ausschreibung der Europawoche und alle n\u00f6tigen Informationen und Formulare finden Sie unter <a class=\"normal\" href=\"http:\/\/www.europa.nrw.de\" target=\"_blank\" rel=\"noopener noreferrer\">www.europa.nrw.de<\/a>. Antr\u00e4ge m\u00fcssen bis zum 16. Februar 2011 bei der Staatskanzlei des Landes Nordrhein-Westfalen eingegangen sein.<\/p>\n","protected":false},"excerpt":{"rendered":"<p>Wie schon in den vergangenen Jahren, wird es auch im Jahr 2011 wieder eine Europawoche geben. Sie wird gemeinsam von den L\u00e4ndern, der Europ\u00e4ischen Kommission, dem Europ\u00e4ischen Parlament und der&hellip; <\/p>\n","protected":false},"author":1,"featured_media":0,"comment_status":"closed","ping_status":"closed","sticky":false,"template":"","format":"standard","meta":{"footnotes":""},"categories":[1],"tags":[],"quellen":[],"class_list":["post-816","post","type-post","status-publish","format-standard","hentry","category-allgemein"],"_links":{"self":[{"href":"https:\/\/meier-gerdingh.de\/wp-spd-ob\/wp-json\/wp\/v2\/posts\/816","targetHints":{"allow":["GET"]}}],"collection":[{"href":"https:\/\/meier-gerdingh.de\/wp-spd-ob\/wp-json\/wp\/v2\/posts"}],"about":[{"href":"https:\/\/meier-gerdingh.de\/wp-spd-ob\/wp-json\/wp\/v2\/types\/post"}],"author":[{"embeddable":true,"href":"https:\/\/meier-gerdingh.de\/wp-spd-ob\/wp-json\/wp\/v2\/users\/1"}],"replies":[{"embeddable":true,"href":"https:\/\/meier-gerdingh.de\/wp-spd-ob\/wp-json\/wp\/v2\/comments?post=816"}],"version-history":[{"count":0,"href":"https:\/\/meier-gerdingh.de\/wp-spd-ob\/wp-json\/wp\/v2\/posts\/816\/revisions"}],"wp:attachment":[{"href":"https:\/\/meier-gerdingh.de\/wp-spd-ob\/wp-json\/wp\/v2\/media?parent=816"}],"wp:term":[{"taxonomy":"category","embeddable":true,"href":"https:\/\/meier-gerdingh.de\/wp-spd-ob\/wp-json\/wp\/v2\/categories?post=816"},{"taxonomy":"post_tag","embeddable":true,"href":"https:\/\/meier-gerdingh.de\/wp-spd-ob\/wp-json\/wp\/v2\/tags?post=816"},{"taxonomy":"quellen","embeddable":true,"href":"https:\/\/meier-gerdingh.de\/wp-spd-ob\/wp-json\/wp\/v2\/quellen?post=816"}],"curies":[{"name":"wp","href":"https:\/\/api.w.org\/{rel}","templated":true}]}}