{"id":8169,"date":"2021-05-07T13:46:46","date_gmt":"2021-05-07T11:46:46","guid":{"rendered":"https:\/\/meier-gerdingh.de\/wp-spd-ob\/?p=8169"},"modified":"2021-05-08T13:48:54","modified_gmt":"2021-05-08T11:48:54","slug":"kraefte-buendeln","status":"publish","type":"post","link":"https:\/\/meier-gerdingh.de\/wp-spd-ob\/2021\/05\/07\/kraefte-buendeln\/","title":{"rendered":"Kr\u00e4fte b\u00fcndeln"},"content":{"rendered":"<p>&#8222;Wir brauchen dringend eine Offensive, um schulische Lernr\u00fcckst\u00e4nde abzubauen, fr\u00fchkindliche Bildung zu f\u00f6rdern und besonders in den Sommerferien auch Freizeitangebote zu unterst\u00fctzen&#8220;, begr\u00fc\u00dft Dirk V\u00f6pel das vom Bundeskabinett beschlossene Zwei-Milliarden-Euro-Aufholpaket f\u00fcr Kinder und Jugendliche. Gemeinsam mit Stefan Zimkeit fordert er die NRW-Landesregierung auf, dieses Programm durch eigene Ma\u00dfnahmen zu unterst\u00fctzen. &#8222;Der Bund erwartet, dass das Land sich parit\u00e4tisch mit eigenen Beitr\u00e4gen beteiligt&#8220;, sagt V\u00f6pel.<\/p>\n<p>Nach Zimkeits Berechnung muss NRW nun mindestens 210 Millionen Euro bereitstellen, um die geforderte parit\u00e4tische Beteiligung bei der schulischen F\u00f6rderung sicherzustellen. &#8222;Dabei darf es nicht bleiben, da das Land die Hauptverantwortung f\u00fcr gute Bildungschancen f\u00fcr Sch\u00fclerinnen und Sch\u00fcler tr\u00e4gt&#8220;, fordert der SPD-Finanzexperte ein Landesprogramm, das aus dem NRW-Rettungsschirm finanziert wird. &#8222;Leider hat die CDU-FDP-Landesregierung aber bisher die dahingehenden Vorschl\u00e4ge abgeblockt&#8220;, stellt Zimkeit fest und weist auf eine SPD-Initiative f\u00fcr eine &#8222;F\u00f6rderoffensive NRW&#8220; hin, die im April eingebracht wurde.<!--more--><\/p>\n<p>&#8222;Die Notwendigkeit sollte unbestritten sein&#8220;, so das SPD-Bundestagsmitglied V\u00f6pel. &#8222;Kinder haben Unterricht und Lernstoff verpasst, und sie vermissen den Kontakt mit Gleichaltrigen. Eine Milliarde des Aufholpakete ist deshalb f\u00fcr F\u00f6rderangebote vorgesehen, um Lernr\u00fcckst\u00e4nde aufzuholen. <\/p>\n<p>Die zweite Milliarde flie\u00dft in Angebote zur fr\u00fchkindlichen Bildung, Freizeit-, Ferien- und Sportaktivit\u00e4ten sowie f\u00fcr die Begleitung von Kindern und Jugendlichen im Alltag und in der Schule. Familien mit geringem Einkommen wird im August einen Kinderfreizeitbonus in H\u00f6he von 100 Euro je Kind ausgezahlt&#8220;, erl\u00e4utert Dirk V\u00f6pel.<\/p>\n<p>Stefan Zimkeit dr\u00e4ngt die Landesregierung darauf, jetzt schnell zu handeln. &#8222;Wir brauchen zus\u00e4tzliche Lernangebote unter dem Dach der Schulen und eine enge Verzahnung mit der Jugendarbeit, mit Sportvereinen und anderen au\u00dferschulischen Tr\u00e4gern. Pensionierte Lehrkr\u00e4fte und Studierende der verschiedenen p\u00e4dagogischen Berufe m\u00fcssen mobilisiert werden&#8220;, fordert Zimkeit, jetzt alle Kr\u00e4fte zu b\u00fcndeln. <\/p>\n<p>Gemeinsam mit Dirk V\u00f6pel dr\u00e4ngt er darauf, dass die Mittel jetzt schnell in Oberhausen ankommen, damit die Ma\u00dfnahmen beginnen k\u00f6nnen, sobald es die Infektionslage zul\u00e4sst.<\/p>\n","protected":false},"excerpt":{"rendered":"<p>&#8222;Wir brauchen dringend eine Offensive, um schulische Lernr\u00fcckst\u00e4nde abzubauen, fr\u00fchkindliche Bildung zu f\u00f6rdern und besonders in den Sommerferien auch Freizeitangebote zu unterst\u00fctzen&#8220;, begr\u00fc\u00dft Dirk V\u00f6pel das vom Bundeskabinett beschlossene Zwei-Milliarden-Euro-Aufholpaket&hellip; <\/p>\n","protected":false},"author":1,"featured_media":0,"comment_status":"closed","ping_status":"closed","sticky":false,"template":"","format":"standard","meta":{"footnotes":""},"categories":[2275,179,2],"tags":[2902,2901,2463,2223,2228,2218,230,2903,2529],"quellen":[330,331],"class_list":["post-8169","post","type-post","status-publish","format-standard","hentry","category-corona-krise","category-kinder-und-jugendliche","category-schule","tag-foerderoffensive-nrw","tag-aufholpaket-fuer-kinder-und-jugendliche","tag-corona-pandemie","tag-coronavirus","tag-coronavirus-krise","tag-covid-19-krise","tag-fruehkindliche-bildung","tag-kinderfreizeitbonus","tag-nrw-rettungsschirm","quellen-mdb-dirk-voepel","quellen-mdl-stefan-zimkeit"],"_links":{"self":[{"href":"https:\/\/meier-gerdingh.de\/wp-spd-ob\/wp-json\/wp\/v2\/posts\/8169","targetHints":{"allow":["GET"]}}],"collection":[{"href":"https:\/\/meier-gerdingh.de\/wp-spd-ob\/wp-json\/wp\/v2\/posts"}],"about":[{"href":"https:\/\/meier-gerdingh.de\/wp-spd-ob\/wp-json\/wp\/v2\/types\/post"}],"author":[{"embeddable":true,"href":"https:\/\/meier-gerdingh.de\/wp-spd-ob\/wp-json\/wp\/v2\/users\/1"}],"replies":[{"embeddable":true,"href":"https:\/\/meier-gerdingh.de\/wp-spd-ob\/wp-json\/wp\/v2\/comments?post=8169"}],"version-history":[{"count":0,"href":"https:\/\/meier-gerdingh.de\/wp-spd-ob\/wp-json\/wp\/v2\/posts\/8169\/revisions"}],"wp:attachment":[{"href":"https:\/\/meier-gerdingh.de\/wp-spd-ob\/wp-json\/wp\/v2\/media?parent=8169"}],"wp:term":[{"taxonomy":"category","embeddable":true,"href":"https:\/\/meier-gerdingh.de\/wp-spd-ob\/wp-json\/wp\/v2\/categories?post=8169"},{"taxonomy":"post_tag","embeddable":true,"href":"https:\/\/meier-gerdingh.de\/wp-spd-ob\/wp-json\/wp\/v2\/tags?post=8169"},{"taxonomy":"quellen","embeddable":true,"href":"https:\/\/meier-gerdingh.de\/wp-spd-ob\/wp-json\/wp\/v2\/quellen?post=8169"}],"curies":[{"name":"wp","href":"https:\/\/api.w.org\/{rel}","templated":true}]}}