{"id":817,"date":"2011-01-20T17:00:00","date_gmt":"2011-01-20T15:00:00","guid":{"rendered":"http:\/\/www.meier-gerdingh.de\/spd-oberhausen\/wp\/?p=817"},"modified":"2017-05-16T14:54:05","modified_gmt":"2017-05-16T12:54:05","slug":"buergerzentrum-alte-heid-in-ungewissheit-durch-bundesfoerderung","status":"publish","type":"post","link":"https:\/\/meier-gerdingh.de\/wp-spd-ob\/2011\/01\/20\/buergerzentrum-alte-heid-in-ungewissheit-durch-bundesfoerderung\/","title":{"rendered":"B\u00fcrgerzentrum Alte Heid in Ungewissheit durch Bundesf\u00f6rderung"},"content":{"rendered":"<div style=\"width: 210px\" class=\"wp-caption alignleft\"><a href=\"http:\/\/meier-gerdingh.de\/wp-spd-ob\/wp-content\/uploads\/alte_heid.jpg\"><img decoding=\"async\" class=\"size-full\" src=\"http:\/\/meier-gerdingh.de\/wp-spd-ob\/wp-content\/uploads\/alte_heid.jpg\" alt=\"Das Mehrgenerationenhaus Alte Heid im Oberhausener Knappenviertel\" width=\"200\" height=\"134\" \/><\/a><p class=\"wp-caption-text\">Das Mehrgenerationenhaus Alte Heid im Oberhausener Knappenviertel<\/p><\/div>\n<p>&#8222;Die Bundesregierung hat dem Druck der SPD endlich nachgegeben und k\u00fcndigt ein neues Programm f\u00fcr die Mehrgenerationenh\u00e4user ab 2012 an. Viele Fragen bleiben ungekl\u00e4rt: Wie viele und welche Tr\u00e4ger in Zukunft weitergef\u00f6rdert und wie die F\u00f6rderbedingungen ausgestaltet werden, sagt das zust\u00e4ndige Bundesfamilienministerium nicht&#8220;, teilt der Bundestagsabgeordnete Michael Groschek mit.<!--more--><\/p>\n<p>Michael Groschek sorgt sich um die Zukunft des Mehrgenerationenhauses in Oberhausen: &#8222;Das Familienministerium hat monatelang wertvolle Zeit verstreichen lassen. Nun dr\u00e4ngt die Zeit, um eine nachhaltige Anschlussf\u00f6rderung auszuarbeiten. Die Tr\u00e4ger m\u00fcssen mit weiteren Monaten der Ungewissheit rechnen, bis ein neues Bundesprogramm ausgeschrieben wird. Sie werden sich neu bewerben m\u00fcssen, die Bundesf\u00f6rderung wird nicht automatisch verl\u00e4ngert.&#8220;<\/p>\n<p>Um mehr Licht ins Dunkel zu bringen, hat die SPD-Fraktion diese Woche eine Kleine Anfrage in den Deutschen Bundestag eingebracht. Mit der Antwort der Bundesregierung ist Anfang Februar zu rechnen. &#8222;Das Ministerium darf sich in seinen Antworten um wichtige Details nicht l\u00e4nger herumdr\u00fccken. Die Frage nach einer \u00dcbergangsfinanzierung f\u00fcr H\u00e4user, deren F\u00f6rderung bereits 2011 endet, dr\u00e4ngt.&#8220;<\/p>\n<p>Michael Groschek setzt sich daf\u00fcr ein, dass die erfolgreiche Arbeit der Mehrgenerationenh\u00e4user fortgesetzt werden kann und keine Projektruinen entstehen.<br \/>\nDie Bundesregierung hat 2006 das Aktionsprogramm &#8222;Mehrgenerationenh\u00e4user&#8220; gestartet, um den sozialen Zusammenhalt der Generationen vor Ort zu st\u00e4rken. Auch das B\u00fcrgerzentrum in der alten Heid wird als Mehrgenerationenhaus gef\u00f6rdert.<\/p>\n","protected":false},"excerpt":{"rendered":"<p>&#8222;Die Bundesregierung hat dem Druck der SPD endlich nachgegeben und k\u00fcndigt ein neues Programm f\u00fcr die Mehrgenerationenh\u00e4user ab 2012 an. Viele Fragen bleiben ungekl\u00e4rt: Wie viele und welche Tr\u00e4ger in&hellip; <\/p>\n","protected":false},"author":1,"featured_media":0,"comment_status":"closed","ping_status":"closed","sticky":false,"template":"","format":"standard","meta":{"footnotes":""},"categories":[1],"tags":[],"quellen":[],"class_list":["post-817","post","type-post","status-publish","format-standard","hentry","category-allgemein"],"_links":{"self":[{"href":"https:\/\/meier-gerdingh.de\/wp-spd-ob\/wp-json\/wp\/v2\/posts\/817","targetHints":{"allow":["GET"]}}],"collection":[{"href":"https:\/\/meier-gerdingh.de\/wp-spd-ob\/wp-json\/wp\/v2\/posts"}],"about":[{"href":"https:\/\/meier-gerdingh.de\/wp-spd-ob\/wp-json\/wp\/v2\/types\/post"}],"author":[{"embeddable":true,"href":"https:\/\/meier-gerdingh.de\/wp-spd-ob\/wp-json\/wp\/v2\/users\/1"}],"replies":[{"embeddable":true,"href":"https:\/\/meier-gerdingh.de\/wp-spd-ob\/wp-json\/wp\/v2\/comments?post=817"}],"version-history":[{"count":0,"href":"https:\/\/meier-gerdingh.de\/wp-spd-ob\/wp-json\/wp\/v2\/posts\/817\/revisions"}],"wp:attachment":[{"href":"https:\/\/meier-gerdingh.de\/wp-spd-ob\/wp-json\/wp\/v2\/media?parent=817"}],"wp:term":[{"taxonomy":"category","embeddable":true,"href":"https:\/\/meier-gerdingh.de\/wp-spd-ob\/wp-json\/wp\/v2\/categories?post=817"},{"taxonomy":"post_tag","embeddable":true,"href":"https:\/\/meier-gerdingh.de\/wp-spd-ob\/wp-json\/wp\/v2\/tags?post=817"},{"taxonomy":"quellen","embeddable":true,"href":"https:\/\/meier-gerdingh.de\/wp-spd-ob\/wp-json\/wp\/v2\/quellen?post=817"}],"curies":[{"name":"wp","href":"https:\/\/api.w.org\/{rel}","templated":true}]}}