{"id":8170,"date":"2021-05-12T14:06:49","date_gmt":"2021-05-12T12:06:49","guid":{"rendered":"https:\/\/meier-gerdingh.de\/wp-spd-ob\/?p=8170"},"modified":"2021-05-12T14:06:49","modified_gmt":"2021-05-12T12:06:49","slug":"klimaschutz-urteil-braucht-konkrete-regelungen","status":"publish","type":"post","link":"https:\/\/meier-gerdingh.de\/wp-spd-ob\/2021\/05\/12\/klimaschutz-urteil-braucht-konkrete-regelungen\/","title":{"rendered":"Klimaschutz-Urteil braucht konkrete Regelungen"},"content":{"rendered":"<div id=\"attachment_5396\" style=\"width: 190px\" class=\"wp-caption alignleft\"><a href=\"https:\/\/meier-gerdingh.de\/wp-spd-ob\/wp-content\/uploads\/2018\/07\/14_flore_manfred_1000.jpg\"><img aria-describedby=\"caption-attachment-5396\" decoding=\"async\" class=\"size-full wp-image-5396\" src=\"https:\/\/meier-gerdingh.de\/wp-spd-ob\/wp-content\/uploads\/2018\/07\/14_flore_manfred.jpg\" alt=\"\" width=\"180\" height=\"180\" srcset=\"https:\/\/meier-gerdingh.de\/wp-spd-ob\/wp-content\/uploads\/2018\/07\/14_flore_manfred.jpg 180w, https:\/\/meier-gerdingh.de\/wp-spd-ob\/wp-content\/uploads\/2018\/07\/14_flore_manfred-150x150.jpg 150w\" sizes=\"(max-width: 180px) 100vw, 180px\" \/><\/a><p id=\"caption-attachment-5396\" class=\"wp-caption-text\">Manfred Flore ist umweltpolitischer Sprecher der SPD-Ratsfraktion und B\u00fcrgermeister der Stadt Oberhausen<\/p><\/div>\n<p>Die Entscheidung des Bundesverfassungsgerichts in Sachen Klimaschutz erfordert auch in Oberhausen von Politik und Verwaltung konkretes Handeln. &#8222;Kommunalpolitik muss bei jeder Entscheidung Klimaschutz mitdenken&#8220;, erkl\u00e4rt B\u00fcrgermeister Manfred Flore, umweltpolitischer Sprecher der SPD-Ratsfraktion. Nun liege es aber auch an Land und Bund, den Kommunen m\u00f6glichst rasch konkrete Regelungen an die Hand zu geben, die die Einzelfallentscheidungen vor Ort, die nicht immer auf Gegenliebe der Betroffenen sto\u00dfen d\u00fcrften, juristisch st\u00fctzen.<!--more--><\/p>\n<p>&#8222;Wir wollen nun die Stadtverwaltung beauftragen, ein Verfahren zu entwickeln, um die in den Beschlussvorlagen beantragten Ma\u00dfnahmen auf ihre Klimarelevanz zu pr\u00fcfen&#8220;, so Flore<\/p>\n<p>Dazu soll f\u00fcr s\u00e4mtliche politische Beschlussvorlagen ein K\u00e4stchen &#8222;Auswirkungen auf das Klima&#8220; mit den Auswahlm\u00f6glichkeiten &#8222;Ja, positiv&#8220;, &#8222;Ja, negativ&#8220; und &#8222;Nein&#8220; verpflichtender Bestandteil werden. Wird die Frage mit &#8222;Ja, positiv&#8220; oder &#8222;Ja, negativ&#8220; beantwortet, muss die jeweilige Auswirkung in einer Begr\u00fcndung dargestellt werden.<\/p>\n<p>Ma\u00dfgabe f\u00fcr das zu entwickelnde Verfahren soll dabei die &#8222;Orientierungshilfe f\u00fcr die Pr\u00fcfung klimarelevanter Beschlussvorlagen in kommunalen Vertretungsk\u00f6rperschaften&#8220; des Deutschen St\u00e4dtetages sein.<\/p>\n<p>&#8222;Wir wollen Klimaschutz in Oberhausen konkret machen. Resolutionen, Denkschriften oder lose Vereinbarungen beruhigen zwar das Gewissen, bringen oft aber keinerlei Nutzen&#8220;, so Flore.<\/p>\n","protected":false},"excerpt":{"rendered":"<p>Die Entscheidung des Bundesverfassungsgerichts in Sachen Klimaschutz erfordert auch in Oberhausen von Politik und Verwaltung konkretes Handeln. &#8222;Kommunalpolitik muss bei jeder Entscheidung Klimaschutz mitdenken&#8220;, erkl\u00e4rt B\u00fcrgermeister Manfred Flore, umweltpolitischer Sprecher&hellip; <\/p>\n","protected":false},"author":1,"featured_media":0,"comment_status":"closed","ping_status":"closed","sticky":false,"template":"","format":"standard","meta":{"footnotes":""},"categories":[29],"tags":[2895,484,2904,771],"quellen":[326],"class_list":["post-8170","post","type-post","status-publish","format-standard","hentry","category-umwelt","tag-bundesverfassungsgericht","tag-klimaschutz","tag-klimaschutz-urteil","tag-klimawandel","quellen-spd-fraktion-oberhausen"],"_links":{"self":[{"href":"https:\/\/meier-gerdingh.de\/wp-spd-ob\/wp-json\/wp\/v2\/posts\/8170","targetHints":{"allow":["GET"]}}],"collection":[{"href":"https:\/\/meier-gerdingh.de\/wp-spd-ob\/wp-json\/wp\/v2\/posts"}],"about":[{"href":"https:\/\/meier-gerdingh.de\/wp-spd-ob\/wp-json\/wp\/v2\/types\/post"}],"author":[{"embeddable":true,"href":"https:\/\/meier-gerdingh.de\/wp-spd-ob\/wp-json\/wp\/v2\/users\/1"}],"replies":[{"embeddable":true,"href":"https:\/\/meier-gerdingh.de\/wp-spd-ob\/wp-json\/wp\/v2\/comments?post=8170"}],"version-history":[{"count":0,"href":"https:\/\/meier-gerdingh.de\/wp-spd-ob\/wp-json\/wp\/v2\/posts\/8170\/revisions"}],"wp:attachment":[{"href":"https:\/\/meier-gerdingh.de\/wp-spd-ob\/wp-json\/wp\/v2\/media?parent=8170"}],"wp:term":[{"taxonomy":"category","embeddable":true,"href":"https:\/\/meier-gerdingh.de\/wp-spd-ob\/wp-json\/wp\/v2\/categories?post=8170"},{"taxonomy":"post_tag","embeddable":true,"href":"https:\/\/meier-gerdingh.de\/wp-spd-ob\/wp-json\/wp\/v2\/tags?post=8170"},{"taxonomy":"quellen","embeddable":true,"href":"https:\/\/meier-gerdingh.de\/wp-spd-ob\/wp-json\/wp\/v2\/quellen?post=8170"}],"curies":[{"name":"wp","href":"https:\/\/api.w.org\/{rel}","templated":true}]}}