{"id":819,"date":"2011-01-22T17:00:00","date_gmt":"2011-01-22T15:00:00","guid":{"rendered":"http:\/\/www.meier-gerdingh.de\/spd-oberhausen\/wp\/?p=819"},"modified":"2017-05-16T14:53:40","modified_gmt":"2017-05-16T12:53:40","slug":"abgeordnete-von-spd-cdu-und-gruenen-laden-ein-zum-betuwe-gipfel","status":"publish","type":"post","link":"https:\/\/meier-gerdingh.de\/wp-spd-ob\/2011\/01\/22\/abgeordnete-von-spd-cdu-und-gruenen-laden-ein-zum-betuwe-gipfel\/","title":{"rendered":"Abgeordnete von SPD, CDU und GR\u00dcNEN laden ein zum BETUWE-Gipfel"},"content":{"rendered":"<p><i>Einladung zu einer gemeinsamen Veranstaltung der Bundes- und Landtagsabgeordneten Michael Groschek MdB, Marie-Luise D\u00f6tt MdB, B\u00e4rbel H\u00f6hn MdB, Sabine Weiss MdB, Norbert Meesters MdL und Stefan Zimkeit MdL<\/i><\/p>\n<p>Der zunehmende Eisenbahng\u00fcterverkehr sorgt entlang der Bahnlinie zwischen den Niederlanden und Oberhausen f\u00fcr viele besorgte B\u00fcrgerfragen. Die deutsch-niederl\u00e4ndische Betuwe-Linie f\u00fchrt zu einer deutlich h\u00f6heren Zahl von G\u00fcterz\u00fcgen und damit einhergehender L\u00e4rmbel\u00e4stigung. Die Deutsche Bahn schafft mit einer Blockverdichtung eine h\u00f6here Kapazit\u00e4t der Hollandstrecke, w\u00e4hrend die mit dem Bau eines dritten Gleises verbundenen L\u00e4rmschutzma\u00dfnahmen auf sich warten lassen. Nun gilt es, gemeinsam f\u00fcr die Interessen des Niederrheins zu k\u00e4mpfen.<!--more--><\/p>\n<p>Mit einer Informations- und Diskussionsveranstaltung wollen wir die Fragen der B\u00fcrgerinnen und B\u00fcrger aufgreifen und f\u00fcr Antworten sorgen. Der NRW-Verkehrsminister Harry Voigtsberger und Reiner Latsch von der Deutschen Bahn haben ihr Kommen zugesagt, einen Vertreter des Bundesverkehrsministeriums haben wir angefragt.<\/p>\n<p><b>Veranstaltung:<\/b><\/p>\n<p>Betuwe-Gipfel &#8211; Bahnverkehr und L\u00e4rmschutz<br \/>\nInformations- und Diskussionsveranstaltung<br \/>\nmit <b>Harry Voigtsberger<\/b>, Verkehsrminister des Landes NRW<br \/>\nund <b>Reiner Latsch<\/b>, NRW-Konzernbevollm\u00e4chtigter Deutsche Bahn AG<\/p>\n<p><b>Datum:<\/b><\/p>\n<p>Montag, 31.01.2011,<br \/>\nab 17.30 Uhr<\/p>\n<p><b>Ort:<\/b><\/p>\n<p>Kathrin-T\u00fcrks-Halle (Stadthalle) Dinslaken<br \/>\nAlthoffstra\u00dfe 2<br \/>\n46535 Dinslaken<\/p>\n<p>Alle interessierten Anwohner der Hollandstrecke m\u00f6chten wir herzlich einladen.<\/p>\n<p><b>&#8211; Michael Groschek MdB &#8211;<\/b><\/p>\n<p>&#8211; Marie-Luise D\u00f6tt MdB &#8211;<\/p>\n<p>&#8211; B\u00e4rbel H\u00f6hn MdB &#8211;<\/p>\n<p>&#8211; Sabine Weiss MdB &#8211;<\/p>\n<p>&#8211; Norbert Meesters MdL &#8211;<\/p>\n<p>&#8211; Stefan Zimkeit MdL &#8211;<\/p>\n","protected":false},"excerpt":{"rendered":"<p>Einladung zu einer gemeinsamen Veranstaltung der Bundes- und Landtagsabgeordneten Michael Groschek MdB, Marie-Luise D\u00f6tt MdB, B\u00e4rbel H\u00f6hn MdB, Sabine Weiss MdB, Norbert Meesters MdL und Stefan Zimkeit MdL Der zunehmende&hellip; <\/p>\n","protected":false},"author":1,"featured_media":0,"comment_status":"closed","ping_status":"closed","sticky":false,"template":"","format":"standard","meta":{"footnotes":""},"categories":[1],"tags":[],"quellen":[],"class_list":["post-819","post","type-post","status-publish","format-standard","hentry","category-allgemein"],"_links":{"self":[{"href":"https:\/\/meier-gerdingh.de\/wp-spd-ob\/wp-json\/wp\/v2\/posts\/819","targetHints":{"allow":["GET"]}}],"collection":[{"href":"https:\/\/meier-gerdingh.de\/wp-spd-ob\/wp-json\/wp\/v2\/posts"}],"about":[{"href":"https:\/\/meier-gerdingh.de\/wp-spd-ob\/wp-json\/wp\/v2\/types\/post"}],"author":[{"embeddable":true,"href":"https:\/\/meier-gerdingh.de\/wp-spd-ob\/wp-json\/wp\/v2\/users\/1"}],"replies":[{"embeddable":true,"href":"https:\/\/meier-gerdingh.de\/wp-spd-ob\/wp-json\/wp\/v2\/comments?post=819"}],"version-history":[{"count":0,"href":"https:\/\/meier-gerdingh.de\/wp-spd-ob\/wp-json\/wp\/v2\/posts\/819\/revisions"}],"wp:attachment":[{"href":"https:\/\/meier-gerdingh.de\/wp-spd-ob\/wp-json\/wp\/v2\/media?parent=819"}],"wp:term":[{"taxonomy":"category","embeddable":true,"href":"https:\/\/meier-gerdingh.de\/wp-spd-ob\/wp-json\/wp\/v2\/categories?post=819"},{"taxonomy":"post_tag","embeddable":true,"href":"https:\/\/meier-gerdingh.de\/wp-spd-ob\/wp-json\/wp\/v2\/tags?post=819"},{"taxonomy":"quellen","embeddable":true,"href":"https:\/\/meier-gerdingh.de\/wp-spd-ob\/wp-json\/wp\/v2\/quellen?post=819"}],"curies":[{"name":"wp","href":"https:\/\/api.w.org\/{rel}","templated":true}]}}