{"id":822,"date":"2011-02-08T17:00:00","date_gmt":"2011-02-08T15:00:00","guid":{"rendered":"http:\/\/www.meier-gerdingh.de\/spd-oberhausen\/wp\/?p=822"},"modified":"2017-05-16T14:43:26","modified_gmt":"2017-05-16T12:43:26","slug":"rat-der-stadt-beschliesst-resolution-und-besetzt-beirat","status":"publish","type":"post","link":"https:\/\/meier-gerdingh.de\/wp-spd-ob\/2011\/02\/08\/rat-der-stadt-beschliesst-resolution-und-besetzt-beirat\/","title":{"rendered":"Rat der Stadt beschlie\u00dft Resolution und besetzt Beirat"},"content":{"rendered":"<p><i>Mit den Stimmen von SPD, GR\u00dcNEN und FDP hat der Rat der Stadt gestern die folgende Resolution zur geplanten Unterbringung von r\u00fcckfallgef\u00e4hrdeten Straft\u00e4tern in der JVA Oberhausen beschlossen:<\/i><\/p>\n<p>&#8222;Die Zielrichtung des Therapieunterbringungsgesetzes, das auf Initiative der CDU\/CSU\/FDP-Fraktionen im Dezember 2010 im Deutschen Bundestag verabschiedet wurde, wird vom Rat der Stadt Oberhausen ausdr\u00fccklich begr\u00fc\u00dft. Dadurch wird eine rechtliche Basis geschaffen, die die Allgemeinheit vor haftentlassenen, aber stark r\u00fcckfallgef\u00e4hrdeten Straft\u00e4tern sch\u00fctzt.<!--more--><\/p>\n<p>Zur Unterbringung dieser Personen in der ehemaligen JVA in Oberhausen stellt der Rat fest:<\/p>\n<ol>\n<li>Die ehemalige JVA Oberhausen ist kein geeigneter Standort als mittel- bzw. langfristige Einrichtung zur Unterbringung von Straft\u00e4tern nach dem Therapieunterbringungsgesetz.<\/li>\n<li>Die vor\u00fcbergehende Unterbringung von Straft\u00e4tern nach dem Therapieunterbringungsgesetz f\u00fcr maximal zwei Jahre, wie von der Landesregierung versprochen, ist f\u00fcr den Rat der Stadt Oberhausen Voraussetzung f\u00fcr die Akzeptanz der vor\u00fcbergehenden Unterbringung der Therapieeinrichtung in der ehemaligen JVA in Oberhausen.<\/li>\n<li>Eine Unterbringung von Straft\u00e4tern nach dem Gesetz zur Therapieunterbringung \u00fcber maximal zwei Jahre hinaus lehnt der Rat der Stadt Oberhausen ab.<\/li>\n<li>Vor der Erstunterbringung von Straft\u00e4tern nach dem Therapieunterbringungsgesetz muss ein detailliertes Therapiekonzept seitens des Tr\u00e4gers der Einrichtung vorliegen. Bauliche Ma\u00dfnahmen, die f\u00fcr die Umsetzung des Therapiekonzepts notwendig sind, m\u00fcssen umgesetzt sein. Ein Freigang der in der Therapieeinrichtung untergebrachten T\u00e4ter in Oberhausen ist zwingend auszuschlie\u00dfen.<\/li>\n<li>Die berechtigten Sicherheitsbedenken der Bev\u00f6lkerung sind zu ber\u00fccksichtigen. Deshalb ist eine weitestgehende Transparenz und Information \u00fcber die Arbeit der Einrichtung sicherzustellen. Bei der Besetzung des Beirats der Therapieeinrichtung sind daher insbesondere B\u00fcrgerinnen und B\u00fcrger (z. B. Schulleitungen benachbarter Schulen \/ Vertreterinnen bzw. Vertreter von Elternpflegschaften) einzubeziehen.&#8220;<\/li>\n<\/ol>\n<p>Neben der Resolution hat der Rat in seiner gestrigen Sitzung auch \u00fcber die personelle Besetzung der Oberhausener Pl\u00e4tze im Beirat der neuen Therapieeinrichtung entschieden. Einvernehmlich benannte der Rat die folgenden<\/p>\n<p><b>Mitglieder im Beirat:<\/b><\/p>\n<ul>\n<li>Angelika J\u00e4ntsch<\/li>\n<li>Carolin Buttke<\/li>\n<li>Ingo Mersmann<\/li>\n<li>Anita Freund<\/li>\n<li>Johannes Stelzer<\/li>\n<li>Peter Fabritz<\/li>\n<li>Ines Hiltrop<\/li>\n<li>Hans-J\u00fcrgen Nagels<\/li>\n<li>Heike La\u00df<\/li>\n<li>Ulrich Hogenschurz<\/li>\n<li>Anne Schuler<\/li>\n<li>Dr. Heinz-Peter Baumann<\/li>\n<\/ul>\n<p>Das neue Gremium wird sich aus 24 Mitgliedern zusammensetzen, von denen jeweils 12 vom Landschaftsverband Rheinland und vom Rat der Stadt bestimmt werden. SPD-Fraktionschef Wolfgang Gro\u00dfe Br\u00f6mer hatte fr\u00fchzeitig bei den anderen Ratsfraktionen f\u00fcr Geschlossenheit geworben und angeregt, einen gemeinsamen Besetzungsvorschlag zu erarbeiten, der besorgte B\u00fcrgerinnen und B\u00fcrger und auch Kritiker der Einrichtung angemessen ber\u00fccksichtigt.<\/p>\n","protected":false},"excerpt":{"rendered":"<p>Mit den Stimmen von SPD, GR\u00dcNEN und FDP hat der Rat der Stadt gestern die folgende Resolution zur geplanten Unterbringung von r\u00fcckfallgef\u00e4hrdeten Straft\u00e4tern in der JVA Oberhausen beschlossen: &#8222;Die Zielrichtung&hellip; <\/p>\n","protected":false},"author":1,"featured_media":0,"comment_status":"closed","ping_status":"closed","sticky":false,"template":"","format":"standard","meta":{"footnotes":""},"categories":[1],"tags":[],"quellen":[],"class_list":["post-822","post","type-post","status-publish","format-standard","hentry","category-allgemein"],"_links":{"self":[{"href":"https:\/\/meier-gerdingh.de\/wp-spd-ob\/wp-json\/wp\/v2\/posts\/822","targetHints":{"allow":["GET"]}}],"collection":[{"href":"https:\/\/meier-gerdingh.de\/wp-spd-ob\/wp-json\/wp\/v2\/posts"}],"about":[{"href":"https:\/\/meier-gerdingh.de\/wp-spd-ob\/wp-json\/wp\/v2\/types\/post"}],"author":[{"embeddable":true,"href":"https:\/\/meier-gerdingh.de\/wp-spd-ob\/wp-json\/wp\/v2\/users\/1"}],"replies":[{"embeddable":true,"href":"https:\/\/meier-gerdingh.de\/wp-spd-ob\/wp-json\/wp\/v2\/comments?post=822"}],"version-history":[{"count":0,"href":"https:\/\/meier-gerdingh.de\/wp-spd-ob\/wp-json\/wp\/v2\/posts\/822\/revisions"}],"wp:attachment":[{"href":"https:\/\/meier-gerdingh.de\/wp-spd-ob\/wp-json\/wp\/v2\/media?parent=822"}],"wp:term":[{"taxonomy":"category","embeddable":true,"href":"https:\/\/meier-gerdingh.de\/wp-spd-ob\/wp-json\/wp\/v2\/categories?post=822"},{"taxonomy":"post_tag","embeddable":true,"href":"https:\/\/meier-gerdingh.de\/wp-spd-ob\/wp-json\/wp\/v2\/tags?post=822"},{"taxonomy":"quellen","embeddable":true,"href":"https:\/\/meier-gerdingh.de\/wp-spd-ob\/wp-json\/wp\/v2\/quellen?post=822"}],"curies":[{"name":"wp","href":"https:\/\/api.w.org\/{rel}","templated":true}]}}