{"id":823,"date":"2011-02-07T17:00:00","date_gmt":"2011-02-07T15:00:00","guid":{"rendered":"http:\/\/www.meier-gerdingh.de\/spd-oberhausen\/wp\/?p=823"},"modified":"2017-05-16T14:52:47","modified_gmt":"2017-05-16T12:52:47","slug":"kevin-schanz-neuer-juso-vorsitzender-im-oberhausener-norden","status":"publish","type":"post","link":"https:\/\/meier-gerdingh.de\/wp-spd-ob\/2011\/02\/07\/kevin-schanz-neuer-juso-vorsitzender-im-oberhausener-norden\/","title":{"rendered":"Kevin Schanz neuer Juso-Vorsitzender im Oberhausener Norden"},"content":{"rendered":"<p><a href=\"http:\/\/meier-gerdingh.de\/wp-spd-ob\/wp-content\/uploads\/logo_jusos_oberhausen_neu.jpg\"><img decoding=\"async\" class=\"size-full alignleft\" src=\"http:\/\/meier-gerdingh.de\/wp-spd-ob\/wp-content\/uploads\/logo_jusos_oberhausen_neu.jpg\" alt=\"\" width=\"199\" height=\"121\" \/><\/a>Am vergangenen Freitag w\u00e4hlte die Juso-AG Sterkrade-Nord \/ Alsfeld- Holten in der Gastst\u00e4tte &#8222;Yesterday&#8220; eine neue AG-Leitung. Kevin Schanz wird sich als neuer AG-Leiter um die Belange der n\u00f6rdlichsten Juso-AG Oberhausens k\u00fcmmern. Marius Schulz und Felix werden ihn als Stellvertreter dabei unterst\u00fctzen. Anja Reichstein wird sich auch in diesem Jahr als Finanzreferentin in bew\u00e4hrter Weise um die AG-Kasse k\u00fcmmern.<!--more--><\/p>\n<p>Als Delegierte werden Kevin Schanz, Anja Schwarz, Bj\u00f6rn Patzke die AG-Nord in der Juso-Unterbezirkskonferenz vertreten.<\/p>\n<p>Kevin Schanz wird dar\u00fcber hinaus den Ortsvereinsvorstand Sterkrade-Nord, Marius Schulz den Ortsvereinsvorstand Alsfeld- Holten mit beratender Stimme unterst\u00fctzen.<\/p>\n<p>Zur n\u00e4chsten inhaltlichen Sitzung treffen sich die jungen Genossinnen und Genossen am 8.2.2011 um 20.00 Uhr im McJacks in Schmachtendorf.<\/p>\n","protected":false},"excerpt":{"rendered":"<p>Am vergangenen Freitag w\u00e4hlte die Juso-AG Sterkrade-Nord \/ Alsfeld- Holten in der Gastst\u00e4tte &#8222;Yesterday&#8220; eine neue AG-Leitung. Kevin Schanz wird sich als neuer AG-Leiter um die Belange der n\u00f6rdlichsten Juso-AG&hellip; <\/p>\n","protected":false},"author":1,"featured_media":0,"comment_status":"closed","ping_status":"closed","sticky":false,"template":"","format":"standard","meta":{"footnotes":""},"categories":[1],"tags":[],"quellen":[],"class_list":["post-823","post","type-post","status-publish","format-standard","hentry","category-allgemein"],"_links":{"self":[{"href":"https:\/\/meier-gerdingh.de\/wp-spd-ob\/wp-json\/wp\/v2\/posts\/823","targetHints":{"allow":["GET"]}}],"collection":[{"href":"https:\/\/meier-gerdingh.de\/wp-spd-ob\/wp-json\/wp\/v2\/posts"}],"about":[{"href":"https:\/\/meier-gerdingh.de\/wp-spd-ob\/wp-json\/wp\/v2\/types\/post"}],"author":[{"embeddable":true,"href":"https:\/\/meier-gerdingh.de\/wp-spd-ob\/wp-json\/wp\/v2\/users\/1"}],"replies":[{"embeddable":true,"href":"https:\/\/meier-gerdingh.de\/wp-spd-ob\/wp-json\/wp\/v2\/comments?post=823"}],"version-history":[{"count":0,"href":"https:\/\/meier-gerdingh.de\/wp-spd-ob\/wp-json\/wp\/v2\/posts\/823\/revisions"}],"wp:attachment":[{"href":"https:\/\/meier-gerdingh.de\/wp-spd-ob\/wp-json\/wp\/v2\/media?parent=823"}],"wp:term":[{"taxonomy":"category","embeddable":true,"href":"https:\/\/meier-gerdingh.de\/wp-spd-ob\/wp-json\/wp\/v2\/categories?post=823"},{"taxonomy":"post_tag","embeddable":true,"href":"https:\/\/meier-gerdingh.de\/wp-spd-ob\/wp-json\/wp\/v2\/tags?post=823"},{"taxonomy":"quellen","embeddable":true,"href":"https:\/\/meier-gerdingh.de\/wp-spd-ob\/wp-json\/wp\/v2\/quellen?post=823"}],"curies":[{"name":"wp","href":"https:\/\/api.w.org\/{rel}","templated":true}]}}