{"id":8238,"date":"2021-06-10T09:14:04","date_gmt":"2021-06-10T07:14:04","guid":{"rendered":"https:\/\/meier-gerdingh.de\/wp-spd-ob\/?p=8238"},"modified":"2021-06-11T09:21:05","modified_gmt":"2021-06-11T07:21:05","slug":"jetzt-fuer-den-jugend-landtag-bewerben-2","status":"publish","type":"post","link":"https:\/\/meier-gerdingh.de\/wp-spd-ob\/2021\/06\/10\/jetzt-fuer-den-jugend-landtag-bewerben-2\/","title":{"rendered":"Jetzt f\u00fcr den Jugend-Landtag bewerben!"},"content":{"rendered":"<p><a href=\"https:\/\/meier-gerdingh.de\/wp-spd-ob\/wp-content\/uploads\/2019\/12\/lt-nrw-2019.jpg\"><img decoding=\"async\" class=\"aligncenter size-full wp-image-6871\" src=\"https:\/\/meier-gerdingh.de\/wp-spd-ob\/wp-content\/uploads\/2019\/12\/lt-nrw-2019.jpg\" alt=\"\" width=\"800\" height=\"300\" srcset=\"https:\/\/meier-gerdingh.de\/wp-spd-ob\/wp-content\/uploads\/2019\/12\/lt-nrw-2019.jpg 800w, https:\/\/meier-gerdingh.de\/wp-spd-ob\/wp-content\/uploads\/2019\/12\/lt-nrw-2019-300x113.jpg 300w, https:\/\/meier-gerdingh.de\/wp-spd-ob\/wp-content\/uploads\/2019\/12\/lt-nrw-2019-768x288.jpg 768w\" sizes=\"(max-width: 800px) 100vw, 800px\" \/><\/a><em>Die SPD-Abgeordneten Sonja Bongers, Frederick Cordes und Stefan Zimkeit laden drei Jugendliche dazu ein, von 28. bis 30. Oktober 2021 ihre Pl\u00e4tze im Parlament einzunehmen. An dem Wochenende soll in D\u00fcsseldorf der dreit\u00e4gige Jugend-Landtag stattfinden.<\/em><\/p>\n<p>Diskutiert werden in unterschiedlichen Sitzungen aktuelle Themen, um die parlamentarischen Abl\u00e4ufe realit\u00e4tsnah zu simulieren. &#8222;Das ist eine klasse M\u00f6glichkeit, Demokratie hautnah zu erleben&#8220;, sagt Sonja Bongers. Und Frederick Cordes meint: &#8222;Unsere Demokratie lebt von jungen Menschen, die engagiert f\u00fcr ihre Positionen einstehen und Lust haben, sich f\u00fcr die Zukunft in NRW einzusetzen.&#8220;<!--more--><\/p>\n<p>199 junge Menschen werden in die Rolle eines Parlamentsmitglieds schl\u00fcpfen und Aussch\u00fcsse, Fraktionssitzung sowie Plenarberatung aktiv gestalten und den parlamentarischen Arbeitsalltag kennenlernen. Die Beschl\u00fcsse der &#8222;Jugend-Landtagsabgeordneten&#8220; werden anschlie\u00dfend den Abgeordneten des &#8222;wirklichen&#8220; Landtags vorgelegt.<\/p>\n<p>Bewerben k\u00f6nnen sich junge Menschen im Alter <strong>zwischen 16 und 20 Jahren<\/strong>, die in Oberhausen wohnen, indem sie sich <strong>bis Mittwoch, 23. Juni 2021<\/strong>, unter <a href=\"mailto:sonja.bongers@landtag.nrw.de\">sonja.bongers@landtag.nrw.de<\/a> melden.<\/p>\n<p>Bewerbungen m\u00fcssen <strong>Telefonnummer, Adresse, Alter, eine Angabe, ob man zur Schule geht, studiert, in Ausbildung oder berufst\u00e4tig ist, sowie einen kurzen Satz enthalten, warum man beim Jugend-Landtag mitmachen m\u00f6chte<\/strong>. <\/p>\n<p>S\u00e4mtliche Kosten inklusive \u00dcbernachtung werden vom Landtag \u00fcbernommen. Die Durchf\u00fchrung steht unter Vorbehalt der weiteren Entwicklung der Pandemie und der im Oktober geltenden Vorgaben zur Coronabek\u00e4mpfung.<\/p>\n","protected":false},"excerpt":{"rendered":"<p>Die SPD-Abgeordneten Sonja Bongers, Frederick Cordes und Stefan Zimkeit laden drei Jugendliche dazu ein, von 28. bis 30. Oktober 2021 ihre Pl\u00e4tze im Parlament einzunehmen. An dem Wochenende soll in&hellip; <\/p>\n","protected":false},"author":1,"featured_media":0,"comment_status":"closed","ping_status":"closed","sticky":false,"template":"","format":"standard","meta":{"footnotes":""},"categories":[179,216],"tags":[97,219],"quellen":[2806,1317,331],"class_list":["post-8238","post","type-post","status-publish","format-standard","hentry","category-kinder-und-jugendliche","category-land","tag-jugend-landtag","tag-landtag-nrw","quellen-mdl-frederick-cordes","quellen-mdl-sonja-bongers","quellen-mdl-stefan-zimkeit"],"_links":{"self":[{"href":"https:\/\/meier-gerdingh.de\/wp-spd-ob\/wp-json\/wp\/v2\/posts\/8238","targetHints":{"allow":["GET"]}}],"collection":[{"href":"https:\/\/meier-gerdingh.de\/wp-spd-ob\/wp-json\/wp\/v2\/posts"}],"about":[{"href":"https:\/\/meier-gerdingh.de\/wp-spd-ob\/wp-json\/wp\/v2\/types\/post"}],"author":[{"embeddable":true,"href":"https:\/\/meier-gerdingh.de\/wp-spd-ob\/wp-json\/wp\/v2\/users\/1"}],"replies":[{"embeddable":true,"href":"https:\/\/meier-gerdingh.de\/wp-spd-ob\/wp-json\/wp\/v2\/comments?post=8238"}],"version-history":[{"count":0,"href":"https:\/\/meier-gerdingh.de\/wp-spd-ob\/wp-json\/wp\/v2\/posts\/8238\/revisions"}],"wp:attachment":[{"href":"https:\/\/meier-gerdingh.de\/wp-spd-ob\/wp-json\/wp\/v2\/media?parent=8238"}],"wp:term":[{"taxonomy":"category","embeddable":true,"href":"https:\/\/meier-gerdingh.de\/wp-spd-ob\/wp-json\/wp\/v2\/categories?post=8238"},{"taxonomy":"post_tag","embeddable":true,"href":"https:\/\/meier-gerdingh.de\/wp-spd-ob\/wp-json\/wp\/v2\/tags?post=8238"},{"taxonomy":"quellen","embeddable":true,"href":"https:\/\/meier-gerdingh.de\/wp-spd-ob\/wp-json\/wp\/v2\/quellen?post=8238"}],"curies":[{"name":"wp","href":"https:\/\/api.w.org\/{rel}","templated":true}]}}