{"id":8239,"date":"2021-06-11T09:18:43","date_gmt":"2021-06-11T07:18:43","guid":{"rendered":"https:\/\/meier-gerdingh.de\/wp-spd-ob\/?p=8239"},"modified":"2021-06-11T09:18:43","modified_gmt":"2021-06-11T07:18:43","slug":"10-milliarden-euro-fuer-den-neustart","status":"publish","type":"post","link":"https:\/\/meier-gerdingh.de\/wp-spd-ob\/2021\/06\/11\/10-milliarden-euro-fuer-den-neustart\/","title":{"rendered":"10 Milliarden Euro f\u00fcr den Neustart"},"content":{"rendered":"<div id=\"attachment_4242\" style=\"width: 150px\" class=\"wp-caption alignleft\"><a href=\"https:\/\/meier-gerdingh.de\/wp-spd-ob\/wp-content\/uploads\/2017\/05\/zimkeit_stefan_17.jpg\"><img aria-describedby=\"caption-attachment-4242\" decoding=\"async\" class=\"size-full wp-image-4242\" src=\"https:\/\/meier-gerdingh.de\/wp-spd-ob\/wp-content\/uploads\/2017\/05\/zimkeit_stefan_17.jpg\" alt=\"\" width=\"140\" height=\"192\" \/><\/a><p id=\"caption-attachment-4242\" class=\"wp-caption-text\">Stefan Zimkeit ist Landtagsabgeordneter f\u00fcr Oberhausen-Sterkrade und Dinslaken sowie haushalts- und finanzpolitischer Sprecher der SPD-Landtagsfraktion<\/p><\/div>\n<p>Stefan Zimkeit hat einen Antrag f\u00fcr den sozialen und wirtschaftlichen Neustart in NRW in den Landtag eingebracht, der ein Gesamtvolumen von zehn Milliarden Euro umfasst. &#8222;Auch wenn die Pandemie jetzt abebbt, werden die Folgen der Krise noch lange nachwirken&#8220;, begr\u00fcndet der finanzpolitische Sprecher der SPD-Fraktion den Vorsto\u00df.<\/p>\n<p>Der bedeutendste Teil des Neustartpakets ist ein Programm f\u00fcr Chancengleichheit. &#8222;Die Bildungsl\u00fccken der vergangenen Monate m\u00fcssen durch gezielte Hilfen f\u00fcr die betroffenen Kinder aufgearbeitet werden&#8220;, sagt Zimkeit. &#8222;Dazu braucht es unter anderem Ferienprogramme, eine st\u00e4rkere Schulsozialarbeit und Ganztagsangebote, die bis mindestens zum Jahresende kostenfrei sind.&#8220;<!--more--><\/p>\n<p>Besonders wichtig sei, dass St\u00e4dte wie Oberhausen handlungsf\u00e4hig bleiben, damit sie Bildungs-, Kultur- und Sportangebote ausweiten k\u00f6nnen. &#8222;Leider droht wegen der Steuerausf\u00e4lle das Gegenteil, wenn das Land hier nicht einspringt und die Defizite ausgleicht&#8220;, bef\u00fcrchtet Stefan Zimkeit.<\/p>\n<p>Finanziert werden soll das Neustartpaket aus dem partei\u00fcbergreifend beschlossenen NRW-Rettungsschirm. &#8222;In ihm sind noch ausreichend Mittel vorhanden. Denn viele Hilfen des Landes haben die Menschen in NRW nicht erreicht und ein gro\u00dfer Teil der Hilfen, insbesondere f\u00fcr die Wirtschaft, stammt aus dem Haushalt von Bundesfinanzminister Olaf Scholz&#8220;, stellt Zimkeit fest. Er fordert, das Neustartprogramm deshalb in enger Abstimmung mit Betroffenen und Fachleuten auszugestalten.<\/p>\n<p>&#8222;Die Herausforderungen sind immens, denn die Pandemie hat die sozialen und wirtschaftlichen Br\u00fcche des Landes schonungslos aufgedeckt. Deswegen brauchen viele Menschen in NRW Unterst\u00fctzung. Dazu z\u00e4hlen Jugendliche, die einen Ausbildungsplatz suchen, besonders betroffene Branchen wie Gastronomie und Kultur sowie der gesamte Gesundheitsbereich.&#8220;<\/p>\n<p>Geld m\u00fcsse auch zur Rettung der Innenst\u00e4dte und in eine klimagerechte Mobilit\u00e4t und Wirtschaft flie\u00dfen, betont der Oberhausener Landtagsabgeordnete Zimkeit.<\/p>\n","protected":false},"excerpt":{"rendered":"<p>Stefan Zimkeit hat einen Antrag f\u00fcr den sozialen und wirtschaftlichen Neustart in NRW in den Landtag eingebracht, der ein Gesamtvolumen von zehn Milliarden Euro umfasst. &#8222;Auch wenn die Pandemie jetzt&hellip; <\/p>\n","protected":false},"author":1,"featured_media":0,"comment_status":"closed","ping_status":"closed","sticky":false,"template":"","format":"standard","meta":{"footnotes":""},"categories":[2275,98,216],"tags":[244,2463,2223,2228,2218,2379,2559,2922,123,2329],"quellen":[331],"class_list":["post-8239","post","type-post","status-publish","format-standard","hentry","category-corona-krise","category-finanzen","category-land","tag-chancengleichheit","tag-corona-pandemie","tag-coronavirus","tag-coronavirus-krise","tag-covid-19-krise","tag-gastronomie","tag-innenstaedte","tag-neustartprogramm-corona-krise","tag-schulsozialarbeit","tag-steuerausfaelle","quellen-mdl-stefan-zimkeit"],"_links":{"self":[{"href":"https:\/\/meier-gerdingh.de\/wp-spd-ob\/wp-json\/wp\/v2\/posts\/8239","targetHints":{"allow":["GET"]}}],"collection":[{"href":"https:\/\/meier-gerdingh.de\/wp-spd-ob\/wp-json\/wp\/v2\/posts"}],"about":[{"href":"https:\/\/meier-gerdingh.de\/wp-spd-ob\/wp-json\/wp\/v2\/types\/post"}],"author":[{"embeddable":true,"href":"https:\/\/meier-gerdingh.de\/wp-spd-ob\/wp-json\/wp\/v2\/users\/1"}],"replies":[{"embeddable":true,"href":"https:\/\/meier-gerdingh.de\/wp-spd-ob\/wp-json\/wp\/v2\/comments?post=8239"}],"version-history":[{"count":0,"href":"https:\/\/meier-gerdingh.de\/wp-spd-ob\/wp-json\/wp\/v2\/posts\/8239\/revisions"}],"wp:attachment":[{"href":"https:\/\/meier-gerdingh.de\/wp-spd-ob\/wp-json\/wp\/v2\/media?parent=8239"}],"wp:term":[{"taxonomy":"category","embeddable":true,"href":"https:\/\/meier-gerdingh.de\/wp-spd-ob\/wp-json\/wp\/v2\/categories?post=8239"},{"taxonomy":"post_tag","embeddable":true,"href":"https:\/\/meier-gerdingh.de\/wp-spd-ob\/wp-json\/wp\/v2\/tags?post=8239"},{"taxonomy":"quellen","embeddable":true,"href":"https:\/\/meier-gerdingh.de\/wp-spd-ob\/wp-json\/wp\/v2\/quellen?post=8239"}],"curies":[{"name":"wp","href":"https:\/\/api.w.org\/{rel}","templated":true}]}}