{"id":824,"date":"2011-02-07T17:00:00","date_gmt":"2011-02-07T15:00:00","guid":{"rendered":"http:\/\/www.meier-gerdingh.de\/spd-oberhausen\/wp\/?p=824"},"modified":"2017-05-16T14:52:59","modified_gmt":"2017-05-16T12:52:59","slug":"tv-jahn-koenigshardt-informierte-ueber-vereinsarbeit","status":"publish","type":"post","link":"https:\/\/meier-gerdingh.de\/wp-spd-ob\/2011\/02\/07\/tv-jahn-koenigshardt-informierte-ueber-vereinsarbeit\/","title":{"rendered":"TV Jahn K\u00f6nigshardt informierte \u00fcber Vereinsarbeit"},"content":{"rendered":"<div style=\"width: 210px\" class=\"wp-caption alignleft\"><a href=\"http:\/\/meier-gerdingh.de\/wp-spd-ob\/wp-content\/uploads\/ov_nord_jhv_2011.jpg\"><img decoding=\"async\" class=\"size-full\" src=\"http:\/\/meier-gerdingh.de\/wp-spd-ob\/wp-content\/uploads\/ov_nord_jhv_2011.jpg\" alt=\"Von links: Elmar Oertel, Stefan Scheffler und Kurt Sch\u00fctzdeller\" width=\"200\" height=\"152\" \/><\/a><p class=\"wp-caption-text\">Von links: Elmar Oertel, Stefan Scheffler und Kurt Sch\u00fctzdeller<\/p><\/div>\n<p>Im Gemeindehaus der Evangelischen Kirche an der Forststra\u00dfe trafen sich die Genossinnen und Genossen des Ortsvereins Sterkrade-Nord zur diesj\u00e4hrigen Jahreshauptversammlung. Stefan Scheffler gab als Ortsvereinsvorsitzender den Rechenschaftsbericht des Vorstandes ab. Scheffler bilanzierte darin nicht nur die vergangenen Aktionen und Sitzungen, sondern rief auch auf, sich kommenden Themen zu stellen.<!--more--><\/p>\n<p>Fast auf den Tag genau habe ich kurz vor der Landtagswahl gesagt: NRW ist unser Zuhause, wir werden unser Zuhause zur\u00fcckholen. Darauf k\u00f6nnen wir stolz sein, darauf k\u00f6nnen wir uns aber nicht ausruhen. Dazu geh\u00f6ren Inhalte. Wir m\u00fcssen Meinungsbildung betreiben. Und das zu allen wichtigen Themen in Kommune, Land und Bund.<\/p>\n<p>Scheffler w\u00fcrdigte die Leistungen der Genossen im vergangenen Landtagswahlkampf und wies auf die neu eingerichtete Ortsvereins-Hotline hin. Unter der Mobilfunkrufnummer <b>0151 &#8211; 24 22 1917<\/b> k\u00f6nnen interessierte B\u00fcrgerinnen und B\u00fcrger mit dem Ortsverein kurzfristig und unkompliziert in Kontakt treten.<\/p>\n<p>Im Rahmen unserer Referatsserie &#8222;Vereine und Verb\u00e4nde stellen sich vor ?&#8220; gab der Vorsitzende des TV Jahn K\u00f6nigshardt, Herr Kurt Sch\u00fctzdeller, einen Einblick in die Vereinsarbeit. Herr Sch\u00fctzdeller lieferte dabei ein detailliertes Bild \u00fcber das breite Spektrum des TV Jahn K\u00f6nigshardt. Er zeigte auf, welche Sportm\u00f6glichkeiten sein Verein im Oberhausener Norden bereith\u00e4lt und mit welchen Herausforderungen dieser zu k\u00e4mpfen hat.<\/p>\n<p>So wies Herr Sch\u00fctzdeller pointiert auf den Trend der gesellschaftlichen Individualisierung hin, die jedoch zur Folge habe, dass dadurch eine Vereinsanbindung insbesondere bei j\u00fcngeren Mitb\u00fcrgern dadurch verloren geht. Ferner wies er auch auf die Bedeutung des Ehrenamtes und seine gesellschaftliche Bedeutung hin.<\/p>\n<p>Die Genossinnen und Genossen w\u00e4hlten im Rahmen der Jahreshauptversammlung <b>24 Delegierte und Ersatzdelegierte f\u00fcr die Unterbezirksparteitage<\/b> der Oberhausener SPD. Gew\u00e4hlt wurden als<\/p>\n<p><b>Delegierte:<\/b><\/p>\n<ol>\n<li>Jochen Richter<\/li>\n<li>Ursula Wingens<\/li>\n<li>Stefan Scheffler<\/li>\n<li>Elmar Oertel<\/li>\n<li>Rudolf Hegenberg<\/li>\n<li>Bernd Reinemann<\/li>\n<li>Siegfried Icking<\/li>\n<li>Annemarie Nowak<\/li>\n<li>Ulrich Real<\/li>\n<li>Ursula Augenstein<\/li>\n<li>Anja Schwarz<\/li>\n<li>Marlies van Zwamen<\/li>\n<li>Frank Bohnes<\/li>\n<li>Arnulf Nowak<\/li>\n<li>Sebastian Flecken<\/li>\n<li>Anja Reichstein<\/li>\n<li>Bj\u00f6rn Patzke<\/li>\n<li>Paul van der Matzen<\/li>\n<li>Thomas de Koster<\/li>\n<li>Christel Hegenberg<\/li>\n<li>Werner Janzen<\/li>\n<li>Silke Becker<\/li>\n<li>Ute Jordan-Ecker<\/li>\n<li>Karin Tysiak<\/li>\n<\/ol>\n<p><b>Ersatzdelegierte:<\/b><\/p>\n<ol>\n<li>Karl- Heinz Urban<\/li>\n<li>Franz Eckl<\/li>\n<li>Heinz M\u00fcthing<\/li>\n<li>Peter Langer<\/li>\n<li>Reinhard K\u00f6nings<\/li>\n<li>Karl-Heinz M\u00fcller<\/li>\n<li>Ulrich H\u00fclsken<\/li>\n<li>Winfried Brennemann<\/li>\n<li>Wolfgang Geisler<\/li>\n<li>Walburga Stortz<\/li>\n<li>Dieter Henrich<\/li>\n<\/ol>\n","protected":false},"excerpt":{"rendered":"<p>Im Gemeindehaus der Evangelischen Kirche an der Forststra\u00dfe trafen sich die Genossinnen und Genossen des Ortsvereins Sterkrade-Nord zur diesj\u00e4hrigen Jahreshauptversammlung. Stefan Scheffler gab als Ortsvereinsvorsitzender den Rechenschaftsbericht des Vorstandes ab.&hellip; <\/p>\n","protected":false},"author":1,"featured_media":0,"comment_status":"closed","ping_status":"closed","sticky":false,"template":"","format":"standard","meta":{"footnotes":""},"categories":[1],"tags":[],"quellen":[],"class_list":["post-824","post","type-post","status-publish","format-standard","hentry","category-allgemein"],"_links":{"self":[{"href":"https:\/\/meier-gerdingh.de\/wp-spd-ob\/wp-json\/wp\/v2\/posts\/824","targetHints":{"allow":["GET"]}}],"collection":[{"href":"https:\/\/meier-gerdingh.de\/wp-spd-ob\/wp-json\/wp\/v2\/posts"}],"about":[{"href":"https:\/\/meier-gerdingh.de\/wp-spd-ob\/wp-json\/wp\/v2\/types\/post"}],"author":[{"embeddable":true,"href":"https:\/\/meier-gerdingh.de\/wp-spd-ob\/wp-json\/wp\/v2\/users\/1"}],"replies":[{"embeddable":true,"href":"https:\/\/meier-gerdingh.de\/wp-spd-ob\/wp-json\/wp\/v2\/comments?post=824"}],"version-history":[{"count":0,"href":"https:\/\/meier-gerdingh.de\/wp-spd-ob\/wp-json\/wp\/v2\/posts\/824\/revisions"}],"wp:attachment":[{"href":"https:\/\/meier-gerdingh.de\/wp-spd-ob\/wp-json\/wp\/v2\/media?parent=824"}],"wp:term":[{"taxonomy":"category","embeddable":true,"href":"https:\/\/meier-gerdingh.de\/wp-spd-ob\/wp-json\/wp\/v2\/categories?post=824"},{"taxonomy":"post_tag","embeddable":true,"href":"https:\/\/meier-gerdingh.de\/wp-spd-ob\/wp-json\/wp\/v2\/tags?post=824"},{"taxonomy":"quellen","embeddable":true,"href":"https:\/\/meier-gerdingh.de\/wp-spd-ob\/wp-json\/wp\/v2\/quellen?post=824"}],"curies":[{"name":"wp","href":"https:\/\/api.w.org\/{rel}","templated":true}]}}