{"id":8240,"date":"2021-06-14T17:59:15","date_gmt":"2021-06-14T15:59:15","guid":{"rendered":"https:\/\/meier-gerdingh.de\/wp-spd-ob\/?p=8240"},"modified":"2021-06-15T18:01:26","modified_gmt":"2021-06-15T16:01:26","slug":"spd-sprecherkonferenz-fordert-steuergerechtigkeit","status":"publish","type":"post","link":"https:\/\/meier-gerdingh.de\/wp-spd-ob\/2021\/06\/14\/spd-sprecherkonferenz-fordert-steuergerechtigkeit\/","title":{"rendered":"SPD-Sprecherkonferenz fordert Steuergerechtigkeit"},"content":{"rendered":"<p>Eine gr\u00f6\u00dfere Steuergerechtigkeit war die einheitliche Forderung der finanzpolitischen Sprecher der SPD-Fraktionen in Bund und L\u00e4ndern, an der auch Finanzminister Olaf Scholz teilnahm. Stefan Zimkeit lobte Scholz f\u00fcr den gro\u00dfen Erfolg der globalen Mindeststeuer, auf den sich die G7-Finanzminister geeinigt haben. Der Bundesfinanzminister und SPD-Kanzlerkandidat betonte in der Sitzung die Notwendigkeit, Steuerumgehung und Steuerhinterziehung konsequent zu bek\u00e4mpfen.<!--more--><\/p>\n<p>Zimkeit unterstrich genauso wie seine Sprecherkolleginnen und -kollegen, dass es die finanzielle Belastung der Staatskassen durch die milliardenschweren Coronahilfen notwendig macht, dass die Haushalte \u00fcber stabile Einnahmen verf\u00fcgen. &#8222;Eine steuerliche Entlastung hoher Einkommen, wie es manch andere Partei fordert, ist ausgeschlossen&#8220;, so Zimkeit. <\/p>\n<p>&#8222;Wir brauche ein gerechteres Steuersystem, weil wir dauerhaft Zukunftsinvestitionen sicherstellen m\u00fcssen.&#8220; Die Pandemie habe gezeigt, wo es die gr\u00f6\u00dften Schwachstellen gibt. &#8222;Wir m\u00fcssen insbesondere in die Bildung, die Gesundheit und die Kommunen investieren. Denn da gibt es teils erschreckenden Nachholbedarf&#8220;, sagte der NRW-Landtagsabgeordnete.<\/p>\n","protected":false},"excerpt":{"rendered":"<p>Eine gr\u00f6\u00dfere Steuergerechtigkeit war die einheitliche Forderung der finanzpolitischen Sprecher der SPD-Fraktionen in Bund und L\u00e4ndern, an der auch Finanzminister Olaf Scholz teilnahm. Stefan Zimkeit lobte Scholz f\u00fcr den gro\u00dfen&hellip; <\/p>\n","protected":false},"author":1,"featured_media":0,"comment_status":"closed","ping_status":"closed","sticky":false,"template":"","format":"standard","meta":{"footnotes":""},"categories":[98],"tags":[2253,2923,2924,2750,830,699,1021,1027],"quellen":[331],"class_list":["post-8240","post","type-post","status-publish","format-standard","hentry","category-finanzen","tag-corona-krise","tag-globale-mindeststeuer","tag-oeffentliche-haushalte","tag-olaf-scholz","tag-steuergerechtigkeit","tag-steuerhinterziehung","tag-steuern","tag-zukunftsinvestitionen","quellen-mdl-stefan-zimkeit"],"_links":{"self":[{"href":"https:\/\/meier-gerdingh.de\/wp-spd-ob\/wp-json\/wp\/v2\/posts\/8240","targetHints":{"allow":["GET"]}}],"collection":[{"href":"https:\/\/meier-gerdingh.de\/wp-spd-ob\/wp-json\/wp\/v2\/posts"}],"about":[{"href":"https:\/\/meier-gerdingh.de\/wp-spd-ob\/wp-json\/wp\/v2\/types\/post"}],"author":[{"embeddable":true,"href":"https:\/\/meier-gerdingh.de\/wp-spd-ob\/wp-json\/wp\/v2\/users\/1"}],"replies":[{"embeddable":true,"href":"https:\/\/meier-gerdingh.de\/wp-spd-ob\/wp-json\/wp\/v2\/comments?post=8240"}],"version-history":[{"count":0,"href":"https:\/\/meier-gerdingh.de\/wp-spd-ob\/wp-json\/wp\/v2\/posts\/8240\/revisions"}],"wp:attachment":[{"href":"https:\/\/meier-gerdingh.de\/wp-spd-ob\/wp-json\/wp\/v2\/media?parent=8240"}],"wp:term":[{"taxonomy":"category","embeddable":true,"href":"https:\/\/meier-gerdingh.de\/wp-spd-ob\/wp-json\/wp\/v2\/categories?post=8240"},{"taxonomy":"post_tag","embeddable":true,"href":"https:\/\/meier-gerdingh.de\/wp-spd-ob\/wp-json\/wp\/v2\/tags?post=8240"},{"taxonomy":"quellen","embeddable":true,"href":"https:\/\/meier-gerdingh.de\/wp-spd-ob\/wp-json\/wp\/v2\/quellen?post=8240"}],"curies":[{"name":"wp","href":"https:\/\/api.w.org\/{rel}","templated":true}]}}