{"id":8244,"date":"2021-06-17T09:12:44","date_gmt":"2021-06-17T07:12:44","guid":{"rendered":"https:\/\/meier-gerdingh.de\/wp-spd-ob\/?p=8244"},"modified":"2021-06-18T09:15:12","modified_gmt":"2021-06-18T07:15:12","slug":"gesundheits-und-pflegeversorgung-fit-machen-medizinische-fachkraefte-unterstuetzen","status":"publish","type":"post","link":"https:\/\/meier-gerdingh.de\/wp-spd-ob\/2021\/06\/17\/gesundheits-und-pflegeversorgung-fit-machen-medizinische-fachkraefte-unterstuetzen\/","title":{"rendered":"&#8222;Gesundheits- und Pflegeversorgung fit machen \u2013 Medizinische Fachkr\u00e4fte unterst\u00fctzen&#8220;"},"content":{"rendered":"<div id=\"attachment_7690\" style=\"width: 170px\" class=\"wp-caption alignleft\"><a href=\"https:\/\/meier-gerdingh.de\/wp-spd-ob\/wp-content\/uploads\/2020\/11\/bongers-sonja-2020-lg.jpg\"><img aria-describedby=\"caption-attachment-7690\" decoding=\"async\" class=\"size-full wp-image-7690\" src=\"https:\/\/meier-gerdingh.de\/wp-spd-ob\/wp-content\/uploads\/2020\/11\/bongers-sonja-2020.jpg\" alt=\"\" width=\"160\" height=\"200\" \/><\/a><p id=\"caption-attachment-7690\" class=\"wp-caption-text\">Sonja Bongers ist Vorsitzende der SPD-Ratsfraktion und Mitglied des Landtags von Nordrhein-Westfalen<\/p><\/div>\n<p>&#8222;Mit einer Offensive f\u00fcr mehr Respekt und gute Arbeit f\u00fcr alle Besch\u00e4ftigten im Gesundheits- und Pflegebereich wollen wir dem Fachkr\u00e4ftemangel entgegenwirken&#8220;, Unser Antrag den wir im NRW-Landtag einbringen werden, sieht gerechte L\u00f6hne, eine am tats\u00e4chlichen Pflegebedarf orientierte Personalbemessung und das langfristige Ziel, eine 35-Stunden-Woche in der Pflegebranche einzuf\u00fchren, vor&#8220;, sagt Bongers.<!--more--><\/p>\n<h3 class=\"spd-ob-crossheading\">Kein Kahlschlag in der Krankenhausbranche<\/h3>\n<p>Au\u00dferdem sollen Lehren aus der Krise gezogen werden. &#8222;Die Erfahrungen aus der Corona-Pandemie m\u00fcssen in die Krankenhaus- und Bedarfsplanung einbezogen werden. Wir sagen daher &#8218;Nein&#8216; zum Krankenhausschlie\u00dfungsprogramm der Landesregierung&#8220;, so die SPD-Rechtsexpertin.<\/p>\n<p>&#8222;Wir m\u00fcssen jetzt wirklich darauf achten, dass ein Kahlschlag in der Krankenhauslandschaft verhindert wird. Wie die Pandemie gezeigt hat, brauchen wir auch bei uns in Oberhausen eine optimale Gesundheitsversorgung. Das kostet nat\u00fcrlich Geld aber jeder der einmal in eine lebensbedrohliche Situation ger\u00e4t oder geraten war, wird so einem Investitionsprogramm sicherlich zustimmen. Von daher ist das Volumen von drei Milliarden Euro durchaus angemessen und wird sich f\u00fcr die Menschen auszahlen&#8220;, so Bongers.<\/p>\n<h3 class=\"spd-ob-crossheading\">Benachteiligte Regionen st\u00fctzen<\/h3>\n<p>Die Pandemie zeige, dass es vor allem in sozial benachteiligten Stadtteilen schwierig sei, die Menschen zu erreichen. &#8222;Wir m\u00fcssen daher die Kommunen vor Ort dabei unterst\u00fctzen, niederschwellige Zug\u00e4nge zu Gesundheitsberatung auszubauen&#8220;, so die Oberhausener Abgeordnete. &#8222;Ich kann mir gut vorstellen, dass wir mit so genannten Gesundheitslotsen arbeiten, die bei Bedarf die Menschen direkt unterst\u00fctzen.<\/p>\n<p>Wichtig ist f\u00fcr Bongers auch den jetzt schon bestehenden Mangel an Medizinern auszugleichen. &#8222;Gleicher Zugang zu Gesundheit f\u00fcr alle hei\u00dft au\u00dferdem, dem \u00c4rztemangel in unterversorgten Regionen und benachteiligten Stadtteilen entgegenzuwirken.&#8220; Vor allem die Kinder- und Jugendmedizin sei von der unzureichenden Finanzierung betroffen und m\u00fcsse endlich ausk\u00f6mmlich finanziert werden.<\/p>\n<h3 class=\"spd-ob-crossheading\">Antrag im NRW-Landtag<\/h3>\n<p>Die SPD-Fraktion im nordrhein-westf\u00e4lischen Landtag bringt in dieser Woche zu diesen Themen einen Leitantrag f\u00fcr den sozialen Neustart in der Gesundheits- und Pflegeversorgung ins Plenum ein.<\/p>\n<p>&#8222;Unser Leitantrag hat das Ziel eines sozialen Neustarts in der Gesundheits- und Pflegepolitik. Mit guten Arbeitsbedingungen f\u00fcr alle Besch\u00e4ftigten. Mit einer sicheren Versorgung an jedem Ort. Mit gleichem Zugang zu Gesundheit f\u00fcr alle. Und mit einem System, das zukunfts- und krisenfest ist&#8220;, f\u00fchrt Bongers abschlie\u00dfend aus.<\/p>\n","protected":false},"excerpt":{"rendered":"<p>&#8222;Mit einer Offensive f\u00fcr mehr Respekt und gute Arbeit f\u00fcr alle Besch\u00e4ftigten im Gesundheits- und Pflegebereich wollen wir dem Fachkr\u00e4ftemangel entgegenwirken&#8220;, Unser Antrag den wir im NRW-Landtag einbringen werden, sieht&hellip; <\/p>\n","protected":false},"author":1,"featured_media":0,"comment_status":"closed","ping_status":"closed","sticky":false,"template":"","format":"standard","meta":{"footnotes":""},"categories":[297,216],"tags":[318,2253,762,2935,2934,2937,2936,534,2933,472],"quellen":[1317],"class_list":["post-8244","post","type-post","status-publish","format-standard","hentry","category-gesundheit","category-land","tag-aerztemangel","tag-corona-krise","tag-fachkraeftemangel","tag-gerechte-loehne","tag-gesundheits-und-pflegeversorgung","tag-gesundheitslotsen","tag-kinder-und-jugendmedizin","tag-krankenhaeuser","tag-krankenhausschliessungen","tag-pflege","quellen-mdl-sonja-bongers"],"_links":{"self":[{"href":"https:\/\/meier-gerdingh.de\/wp-spd-ob\/wp-json\/wp\/v2\/posts\/8244","targetHints":{"allow":["GET"]}}],"collection":[{"href":"https:\/\/meier-gerdingh.de\/wp-spd-ob\/wp-json\/wp\/v2\/posts"}],"about":[{"href":"https:\/\/meier-gerdingh.de\/wp-spd-ob\/wp-json\/wp\/v2\/types\/post"}],"author":[{"embeddable":true,"href":"https:\/\/meier-gerdingh.de\/wp-spd-ob\/wp-json\/wp\/v2\/users\/1"}],"replies":[{"embeddable":true,"href":"https:\/\/meier-gerdingh.de\/wp-spd-ob\/wp-json\/wp\/v2\/comments?post=8244"}],"version-history":[{"count":0,"href":"https:\/\/meier-gerdingh.de\/wp-spd-ob\/wp-json\/wp\/v2\/posts\/8244\/revisions"}],"wp:attachment":[{"href":"https:\/\/meier-gerdingh.de\/wp-spd-ob\/wp-json\/wp\/v2\/media?parent=8244"}],"wp:term":[{"taxonomy":"category","embeddable":true,"href":"https:\/\/meier-gerdingh.de\/wp-spd-ob\/wp-json\/wp\/v2\/categories?post=8244"},{"taxonomy":"post_tag","embeddable":true,"href":"https:\/\/meier-gerdingh.de\/wp-spd-ob\/wp-json\/wp\/v2\/tags?post=8244"},{"taxonomy":"quellen","embeddable":true,"href":"https:\/\/meier-gerdingh.de\/wp-spd-ob\/wp-json\/wp\/v2\/quellen?post=8244"}],"curies":[{"name":"wp","href":"https:\/\/api.w.org\/{rel}","templated":true}]}}