{"id":8254,"date":"2021-06-25T18:48:05","date_gmt":"2021-06-25T16:48:05","guid":{"rendered":"https:\/\/meier-gerdingh.de\/wp-spd-ob\/?p=8254"},"modified":"2021-06-25T18:48:05","modified_gmt":"2021-06-25T16:48:05","slug":"stellungnahme-der-arbeitsgemeinschaft-der-freien-wohlfahrtsverbaende","status":"publish","type":"post","link":"https:\/\/meier-gerdingh.de\/wp-spd-ob\/2021\/06\/25\/stellungnahme-der-arbeitsgemeinschaft-der-freien-wohlfahrtsverbaende\/","title":{"rendered":"Stellungnahme der Arbeitsgemeinschaft der freien Wohlfahrtsverb\u00e4nde"},"content":{"rendered":"<p>NRW und Oberhausen brauchen einen Neustart, und Arbeitslosigkeit zu verhindern und Ausbildung zu erm\u00f6glichen, fordern die Oberhausener SPD-Abgeordneten Dirk V\u00f6pel, Frederick Cordes und Stefan Zimkeit. &#8222;Die alarmierenden Zahlen der Oberhausener Wohlfahrtsverb\u00e4nde machen den riesigen Handlungsbedarf deutlich&#8220;, sagt der Bundestagsabgeordnete Dirk V\u00f6pel. &#8222;Insbesondere die Bek\u00e4mpfung der Langzeitarbeitslosigkeit muss deutlich verst\u00e4rkt werden.&#8220; Ein besonderer Schwerpunkt m\u00fcsse dabei auf einer Ausweitung des sozialen Arbeitsmarktes liegen, den Bundesarbeitsminister Hubertus Heil (SPD) erfolgreich eingef\u00fchrt hat, so V\u00f6pel.<!--more--><\/p>\n<p>&#8222;Dramatisch ist die Situation in Teilen des Ausbildungsmarktes&#8220;, betont der Wirtschaftspolitiker Frederick Cordes. &#8222;Wir brauchen eine umlagefinanzierte Ausbildungsplatzgarantie, damit kein junger Mensch am Ende der Schullaufbahn ohne Perspektive auf den Start in das eigene Leben dasteht.&#8220;<\/p>\n<p>Ver\u00e4rgert zeigt sich der Finanzexperte Stefan Zimkeit: <\/p>\n<p>&#8222;Die CDU-FDP-Landesregierung nutzt die im NRW Rettungsschirm vorhandenen Mittel nicht. Von 25 Millionen Euro, die f\u00fcr die betriebliche Ausbildung zur Verf\u00fcgung stehen, wurde kein Euro genutzt. Hier werden die Jugendlichen im Stich gelassen.&#8220; Zimkeit spricht sich f\u00fcr mehr gemeinsame Anstrengungen f\u00fcr Arbeit und Ausbildung in Oberhausen aus und k\u00fcndigt an, das Gespr\u00e4ch mit den Akteuren zu suchen.<\/p>\n<p>Die SPD fordert ein Programm f\u00fcr den sozialen und wirtschaftlichen Neustart f\u00fcr NRW, das gezielte Hilfen f\u00fcr Unternehmen zur Sicherung von Arbeitspl\u00e4tzen und Ma\u00dfnahmen zu Schaffung zus\u00e4tzlicher Ausbildungspl\u00e4tze umfasst.<\/p>\n","protected":false},"excerpt":{"rendered":"<p>NRW und Oberhausen brauchen einen Neustart, und Arbeitslosigkeit zu verhindern und Ausbildung zu erm\u00f6glichen, fordern die Oberhausener SPD-Abgeordneten Dirk V\u00f6pel, Frederick Cordes und Stefan Zimkeit. &#8222;Die alarmierenden Zahlen der Oberhausener&hellip; <\/p>\n","protected":false},"author":1,"featured_media":0,"comment_status":"closed","ping_status":"closed","sticky":false,"template":"","format":"standard","meta":{"footnotes":""},"categories":[174,231,311],"tags":[1594,18,34,760,2947,2808,1780,2948,431,2949,740,1784],"quellen":[330,2806,331],"class_list":["post-8254","post","type-post","status-publish","format-standard","hentry","category-arbeit-und-soziales","category-bildung","category-wirtschaft","tag-arbeitslosigkeit","tag-arbeitsmarkt","tag-arbeitsplaetze","tag-ausbildung","tag-ausbildungsmarkt","tag-ausbildungsplatzgarantie","tag-auszubildende","tag-betriebliche-ausbildung","tag-langzeitarbeitslosigkeit","tag-lokaler-arbeitsmarkt","tag-sozialer-arbeitsmarkt","tag-wohlfahrtsverbaende","quellen-mdb-dirk-voepel","quellen-mdl-frederick-cordes","quellen-mdl-stefan-zimkeit"],"_links":{"self":[{"href":"https:\/\/meier-gerdingh.de\/wp-spd-ob\/wp-json\/wp\/v2\/posts\/8254","targetHints":{"allow":["GET"]}}],"collection":[{"href":"https:\/\/meier-gerdingh.de\/wp-spd-ob\/wp-json\/wp\/v2\/posts"}],"about":[{"href":"https:\/\/meier-gerdingh.de\/wp-spd-ob\/wp-json\/wp\/v2\/types\/post"}],"author":[{"embeddable":true,"href":"https:\/\/meier-gerdingh.de\/wp-spd-ob\/wp-json\/wp\/v2\/users\/1"}],"replies":[{"embeddable":true,"href":"https:\/\/meier-gerdingh.de\/wp-spd-ob\/wp-json\/wp\/v2\/comments?post=8254"}],"version-history":[{"count":0,"href":"https:\/\/meier-gerdingh.de\/wp-spd-ob\/wp-json\/wp\/v2\/posts\/8254\/revisions"}],"wp:attachment":[{"href":"https:\/\/meier-gerdingh.de\/wp-spd-ob\/wp-json\/wp\/v2\/media?parent=8254"}],"wp:term":[{"taxonomy":"category","embeddable":true,"href":"https:\/\/meier-gerdingh.de\/wp-spd-ob\/wp-json\/wp\/v2\/categories?post=8254"},{"taxonomy":"post_tag","embeddable":true,"href":"https:\/\/meier-gerdingh.de\/wp-spd-ob\/wp-json\/wp\/v2\/tags?post=8254"},{"taxonomy":"quellen","embeddable":true,"href":"https:\/\/meier-gerdingh.de\/wp-spd-ob\/wp-json\/wp\/v2\/quellen?post=8254"}],"curies":[{"name":"wp","href":"https:\/\/api.w.org\/{rel}","templated":true}]}}