{"id":8259,"date":"2021-07-08T19:13:21","date_gmt":"2021-07-08T17:13:21","guid":{"rendered":"https:\/\/meier-gerdingh.de\/wp-spd-ob\/?p=8259"},"modified":"2021-07-08T19:55:38","modified_gmt":"2021-07-08T17:55:38","slug":"die-spd-sommerschule-oeffnet-wieder-ihre-pforten","status":"publish","type":"post","link":"https:\/\/meier-gerdingh.de\/wp-spd-ob\/2021\/07\/08\/die-spd-sommerschule-oeffnet-wieder-ihre-pforten\/","title":{"rendered":"Die SPD-Sommerschule \u00f6ffnet wieder ihre Pforten"},"content":{"rendered":"<p><a href=\"https:\/\/meier-gerdingh.de\/wp-spd-ob\/wp-content\/uploads\/2021\/07\/banner_spd_sommerschule_21.png\"><img decoding=\"async\" class=\"aligncenter size-full wp-image-8256\" src=\"https:\/\/meier-gerdingh.de\/wp-spd-ob\/wp-content\/uploads\/2021\/07\/banner_spd_sommerschule_21.png\" alt=\"\" width=\"700\" height=\"247\" srcset=\"https:\/\/meier-gerdingh.de\/wp-spd-ob\/wp-content\/uploads\/2021\/07\/banner_spd_sommerschule_21.png 700w, https:\/\/meier-gerdingh.de\/wp-spd-ob\/wp-content\/uploads\/2021\/07\/banner_spd_sommerschule_21-300x106.png 300w\" sizes=\"(max-width: 700px) 100vw, 700px\" \/><\/a><\/p>\n<p>Die traditionelle Sommerschule der SPD-Ratsfraktion geht in die n\u00e4chste Runde. An sechs Terminen laden die Sozialdemokraten dazu ein, besondere Orte unserer Stadt neu oder auch von einer ganz anderen Seite kennenzulernen. &#8222;Wir freuen uns, dass wir dank sinkender Inzidenzwerte auch wieder vor Ort mit den B\u00fcrgerinnen und B\u00fcrgern ins Gespr\u00e4ch kommen k\u00f6nnen, auch wenn wir noch Vorsicht walten lassen m\u00fcssen&#8220;, erkl\u00e4rt die Fraktionsvorsitzende Sonja Bongers.<\/p>\n<p>So l\u00e4sst es sich nicht vermeiden, in diesem Jahr bei allen Veranstaltungen die Besucherzahl zu begrenzen \u2013 Oberhausens Sozialdemokraten freuen sich, <strong>zu jedem Termin bis zu 30 Besucherinnen und Besucher<\/strong> begr\u00fc\u00dfen zu k\u00f6nnen.<\/p>\n<p>Deshalb werden die interessierten Teilnehmerinnen und Teilnehmer grunds\u00e4tzlich gebeten, sich bei der Ratsfraktion am besten schriftlich per E-Mail (<a href=\"mailto:buero@spd-fraktion-oberhausen.de\">buero@spd-fraktion-oberhausen.de<\/a>) oder aber telefonisch unter <strong>(0208) 825 21 04<\/strong> anzumelden.<\/p>\n<style type=\"text\/css\" id=\"gmpMapStyles_9_92261\">\r\n\t#google_map_easy_9_92261 {\r\n        width: 100%;\r\n        height: 400px;\r\n\t\t\t\t\t\t    }\r\n\t#gmapControlsNum_9_92261 {\r\n\t\twidth:100%\t}\r\n\t.gmpMapDetailsContainer#gmpMapDetailsContainer_9_92261 {\r\n\t\theight:400px;\r\n\t}\r\n\t.gmp_MapPreview#google_map_easy_9_92261 {\r\n\t\t\/*position:absolute;*\/\r\n\t\twidth: 100%;\r\n\t}\r\n\t#mapConElem_9_92261{\r\n\t\twidth: 100%\t}\r\n    .gm-style .gm-style-iw-c{\r\n        padding: 12px!important;\r\n    }\r\n\t    <\/style>\r\n <div class=\"gmp_map_opts\" id=\"mapConElem_9_92261\" data-id=\"9\" data-view-id=\"9_92261\" > <div class=\"gmpMapDetailsContainer\" id=\"gmpMapDetailsContainer_9_92261\"> <i class=\"gmpKMLLayersPreloader fa fa-spinner fa-spin\" aria-hidden=\"true\" style=\"display: none;\"><\/i> <div class=\"gmp_MapPreview \" id=\"google_map_easy_9_92261\"><\/div> <\/div> <div class=\"gmpMapMarkerFilters\" id=\"gmpMapMarkerFilters_9_92261\"> <\/div> <div class=\"gmpMapProControlsCon\" id=\"gmpMapProControlsCon_9_92261\"> <a title=\"WordPress Google Maps\" style=\"display:none;\" href=\"https:\/\/supsystic.com\/plugins\/google-maps-plugin\/?utm_medium=love_link_hide\" target=\"_blank\">WordPress Google Maps<\/a><div style=\"clear: both;\"><\/div> <\/div> <div class=\"gmpMapProDirectionsCon\" id=\"gmpMapProDirectionsCon_9_92261\" > <\/div> <div class=\"gmpMapProKmlFilterCon\" id=\"gmpMapProKmlFilterCon_9_92261\" > <\/div> <div class=\"gmpSocialSharingShell gmpSocialSharingShell_9_92261\"> <\/div> <div style=\"clear: both;\"><\/div> <\/div> \n<p><!--more--><\/p>\n<p>Dies sind die Termine im Einzelnen:<\/p>\n<div class=\"spd-ob-sommerschule-date\"><em>1. Termin: <\/em>MI\u00a0|\u00a021. JULI 2021\u00a0|\u00a016.00 Uhr<\/div>\n<h3 class=\"spd-ob-sommerschule-title\">Neues aus dem Revierpark Vonderort<\/h3>\n<div class=\"spd-ob-sommerschule-location\"><em>Treffpunkt:\u00a0\u00a0<\/em>16.00 Uhr\u00a0| Vor dem Solebad des Revierparks | Bottroper Str. 322 | 46117 Oberhausen<\/div>\n<p>Osterfelds Bezirksb\u00fcrgermeister Thomas Krey nimmt die Besucherinnen und Besucher mit auf eine Tour durch das beliebte Naherholungsziel.<\/p>\n<hr class=\"spd-ob-sommerschule-divider\" \/>\n<div class=\"spd-ob-sommerschule-date\"><em>2. Termin: <\/em>FR\u00a0|\u00a023. JULI 2021\u00a0|\u00a016.00 Uhr<\/div>\n<h3 class=\"spd-ob-sommerschule-title\">25 Jahre Centro in Oberhausen \u2013 wohin geht die Reise?<\/h3>\n<div class=\"spd-ob-sommerschule-location\"><em>Treffpunkt:\u00a0<\/em>16.00 Uhr\u00a0| Au\u00dfen am Zugang zur Coca-Cola-Oase<\/div>\n<p>Am 12. September 1996 \u00f6ffnete das Centro seine Pforten. Das anstehende Jubil\u00e4um bietet eine gute Gelegenheit, sowohl zur\u00fcck als auch nach vorne zu blicken. Die Fragen an Centro-Manager Marcus Remark und sein Team d\u00fcrften unseren Besucherinnen und Besuchern wohl kaum ausgehen.<\/p>\n<hr class=\"spd-ob-sommerschule-divider\" \/>\n<div class=\"spd-ob-sommerschule-date\"><em>3. Termin: <\/em>MI\u00a0|\u00a028. JULI 2021\u00a0|\u00a016.00 Uhr<\/div>\n<h3 class=\"spd-ob-sommerschule-title\">Die WBO r\u00fcsten sich f\u00fcr die Zukunft<\/h3>\n<div class=\"spd-ob-sommerschule-location\"><em>Treffpunkt:\u00a0<\/em>16.00 Uhr\u00a0| WBO Betriebshof | Buschhausener Str. 149 | 46049 Oberhausen<\/div>\n<p>Jede und jeder wei\u00df, dass die WBO morgens die M\u00fclltonnen abholt. Und sonst? Noch eine Menge mehr. \u00dcber das weite Aufgabenfeld der Wirtschaftsbetriebe Oberhausen, den Umbau des Wertstoffhofs und die Zukunft des Unternehmens werden wir an diesem Nachmittag tiefe Einblicke gewinnen k\u00f6nnen.<\/p>\n<hr class=\"spd-ob-sommerschule-divider\" \/>\n<div class=\"spd-ob-sommerschule-date\"><em>4. Termin: <\/em>MI\u00a0|\u00a004. AUGUST 2021\u00a0|\u00a016.00 Uhr<\/div>\n<h3 class=\"spd-ob-sommerschule-title\">(K)eine Zukunftsmusik: Das bringt der Betuwe-Ausbau<\/h3>\n<div class=\"spd-ob-sommerschule-location\"><em>Treffpunkt:\u00a0\u00a0<\/em>16.00 Uhr\u00a0| Bahnhof Sterkrade | Ausgang Neum\u00fchler Stra\u00dfe<\/div>\n<p>Dass viel mehr G\u00fcterverkehr von der Stra\u00dfe auf die Schiene verlegt muss und sollte, ist allgemein akzeptiert. Was bedeutet dies aber f\u00fcr die betroffenen Gemeinden und St\u00e4dte vor Ort, wenn das Eisenbahnnetz ert\u00fcchtigt und ausgebaut wird? Der umweltpolitische Sprecher der SPD-Fraktion, Manfred Flore, wird dies bei unserem Ortstermin in Sterkrade erkl\u00e4ren, Fragen werden selbstverst\u00e4ndlich auch beantwortet.<\/p>\n<hr class=\"spd-ob-sommerschule-divider\" \/>\n<div class=\"spd-ob-sommerschule-date\"><em>5. Termin: <\/em>MI\u00a0|\u00a011. AUGUST 2021\u00a0|\u00a016.00 Uhr<\/div>\n<h3 class=\"spd-ob-sommerschule-title\">Ein Gl\u00fcckauf der Zukunft: die Zeche Alstaden<\/h3>\n<div class=\"spd-ob-sommerschule-location\"><em>Treffpunkt:\u00a0<\/em>16.00 Uhr\u00a0| Vor dem Zechengeb\u00e4ude | Solbadstr. 53 | 46049 Oberhausen<\/div>\n<p><strong>Achtung: Hier m\u00fcssen wir aus Kapazit\u00e4tsgr\u00fcnden die Teilnehmerzahl auf 20 Personen begrenzen.<\/strong><\/p>\n<p>Mehr als 110 Jahre wurde in Alstaden Kohle gef\u00f6rdert, Anfang der 1970er Jahre wurde der Betrieb der Zeche Alstaden eingestellt. Heute bieten die renovierten R\u00e4umlichkeiten des ehemaligen Schacht 1 Platz f\u00fcr Kultur und Veranstaltungen tief im Westen Oberhausens und auch mit Hilfe von Geldern der NRW-Stiftung soll dort noch mehr entstehen.<\/p>\n<hr class=\"spd-ob-sommerschule-divider\" \/>\n<div class=\"spd-ob-sommerschule-date\"><em>6. Termin: <\/em>MI\u00a0|\u00a018. AUGUST 2021\u00a0|\u00a017.30 Uhr<\/div>\n<h3 class=\"spd-ob-sommerschule-title\">Corona und der Sport: Wie Vereine getroffen sind<\/h3>\n<div class=\"spd-ob-sommerschule-location\"><em>Treffpunkt:\u00a0<\/em>17.30 Uhr\u00a0| Auf der Sportanlage Kuhle | B\u00fcrgerstr. 15 | 46049 Oberhausen<\/div>\n<p>Bevor wir zum Ende der Veranstaltung alle Teilnehmerinnen und Teilnehmer zum Grillen und auf das eine oder andere Getr\u00e4nk einladen, blicken wir noch einmal zur\u00fcck und gleichzeitig nach vorne: Unser sportpolitischer Sprecher Dietmar Look, seines Zeichens auch Vorsitzender des Vereins Hibernia Alstaden, wird mit seinem Schatzmeister auf der Sportanlage an der Kuhle erkl\u00e4ren, was die direkten Folgen der Pandemie \u2013 zum Beispiel der Ausfall von Turnieren und damit Einnahmen \u2013 f\u00fcr einen kleinen Verein bedeuten.<\/p>\n","protected":false},"excerpt":{"rendered":"<p>Die traditionelle Sommerschule der SPD-Ratsfraktion geht in die n\u00e4chste Runde. An sechs Terminen laden die Sozialdemokraten dazu ein, besondere Orte unserer Stadt neu oder auch von einer ganz anderen Seite&hellip; <\/p>\n","protected":false},"author":1,"featured_media":0,"comment_status":"closed","ping_status":"closed","sticky":false,"template":"","format":"standard","meta":{"footnotes":""},"categories":[173,171],"tags":[819,2950],"quellen":[326,327],"class_list":["post-8259","post","type-post","status-publish","format-standard","hentry","category-parteileben","category-veranstaltungen","tag-spd-sommerschule","tag-spd-sommerschule-2021","quellen-spd-fraktion-oberhausen","quellen-spd-unterbezirk-oberhausen"],"_links":{"self":[{"href":"https:\/\/meier-gerdingh.de\/wp-spd-ob\/wp-json\/wp\/v2\/posts\/8259","targetHints":{"allow":["GET"]}}],"collection":[{"href":"https:\/\/meier-gerdingh.de\/wp-spd-ob\/wp-json\/wp\/v2\/posts"}],"about":[{"href":"https:\/\/meier-gerdingh.de\/wp-spd-ob\/wp-json\/wp\/v2\/types\/post"}],"author":[{"embeddable":true,"href":"https:\/\/meier-gerdingh.de\/wp-spd-ob\/wp-json\/wp\/v2\/users\/1"}],"replies":[{"embeddable":true,"href":"https:\/\/meier-gerdingh.de\/wp-spd-ob\/wp-json\/wp\/v2\/comments?post=8259"}],"version-history":[{"count":0,"href":"https:\/\/meier-gerdingh.de\/wp-spd-ob\/wp-json\/wp\/v2\/posts\/8259\/revisions"}],"wp:attachment":[{"href":"https:\/\/meier-gerdingh.de\/wp-spd-ob\/wp-json\/wp\/v2\/media?parent=8259"}],"wp:term":[{"taxonomy":"category","embeddable":true,"href":"https:\/\/meier-gerdingh.de\/wp-spd-ob\/wp-json\/wp\/v2\/categories?post=8259"},{"taxonomy":"post_tag","embeddable":true,"href":"https:\/\/meier-gerdingh.de\/wp-spd-ob\/wp-json\/wp\/v2\/tags?post=8259"},{"taxonomy":"quellen","embeddable":true,"href":"https:\/\/meier-gerdingh.de\/wp-spd-ob\/wp-json\/wp\/v2\/quellen?post=8259"}],"curies":[{"name":"wp","href":"https:\/\/api.w.org\/{rel}","templated":true}]}}