{"id":826,"date":"2011-02-09T17:00:00","date_gmt":"2011-02-09T15:00:00","guid":{"rendered":"http:\/\/www.meier-gerdingh.de\/spd-oberhausen\/wp\/?p=826"},"modified":"2017-05-16T14:43:08","modified_gmt":"2017-05-16T12:43:08","slug":"scheitern-der-hartz-iv-verhandlungen-hat-sofort-negative-auswirkungen","status":"publish","type":"post","link":"https:\/\/meier-gerdingh.de\/wp-spd-ob\/2011\/02\/09\/scheitern-der-hartz-iv-verhandlungen-hat-sofort-negative-auswirkungen\/","title":{"rendered":"Scheitern der Hartz-IV-Verhandlungen hat sofort negative Auswirkungen"},"content":{"rendered":"<div style=\"width: 150px\" class=\"wp-caption alignleft\"><a href=\"http:\/\/meier-gerdingh.de\/wp-spd-ob\/wp-content\/uploads\/groschek_michael_09.jpg\"><img decoding=\"async\" class=\"size-full\" src=\"http:\/\/meier-gerdingh.de\/wp-spd-ob\/wp-content\/uploads\/groschek_michael_09.jpg\" alt=\"Michael Groschek ist Generalsekret\u00e4r der NRWSPD und Mitglied des Bundestages f\u00fcr Oberhausen und Dinslaken\" width=\"140\" height=\"186\" \/><\/a><p class=\"wp-caption-text\">Michael Groschek ist Generalsekret\u00e4r der NRWSPD und Mitglied des Bundestages f\u00fcr Oberhausen und Dinslaken<\/p><\/div>\n<p>&#8222;Das Scheitern der Hartz IV-Verhandlungen durch Abbruch der Bundesregierung hat sofort negative Auswirkungen&#8220;, stellt Bundestagsmitglied Michael Groschek fest. Dies beginnt mit der Weigerung, im Rahmen des Bildungspaketes Schulsozialarbeiter zu finanzieren, die besonders die F\u00f6rderung sozial schwacher Kinder und Jugendlicher im Blick h\u00e4tten.<!--more--><\/p>\n<p>Die Forderung nach Mindestlohn und gleicher Lohnh\u00f6he bei Zeit-und Leiharbeit h\u00e4tte die Ausgaben bei Hartz IV deutlich gesenkt. Endlich w\u00e4ren weniger sogenannte Aufstocker zu unterst\u00fctzen gewesen, die durch das Sozialdumping trotz Arbeit auf finanzielle Hilfe angewiesen sind, da sie sonst ihren Lebensunterhalt nicht alleine bestreiten k\u00f6nnen. Dies h\u00e4tte nicht nur die Kassen erleichtert, sondern auch den Menschen ein anderes Selbstwertgef\u00fchl vermittelt.<\/p>\n<p>Der dritte Auftrag des Verfassungsgerichtes Regels\u00e4tze nachvollziehbar anzupassen, wurde mit dem Verweis &#8222;5 Euro im Monat sind genug&#8220; ignoriert.<\/p>\n<p>Das vermeintliche &#8222;Sonderangebot&#8220; der Bundesregierung an die Kommunen, die Grundsicherung voll durch den Bund zu finanzieren ist ohnehin eine \u00fcberf\u00e4llige Finanzregelung, die Minister Sch\u00e4uble in der Gemeindefinanzreform schon h\u00e4tte angehen m\u00fcssen. Dies ist also nur eine Mogelpackung.<\/p>\n<p>Die SPD wird jetzt in L\u00e4ndern und Bund daf\u00fcr streiten, dass Kinder und Jugendliche &#8211; nicht nur aus Hartz IV-Familien &#8211; ein ausreichendes und geb\u00fchrenfreies Bildungsangebot von der Kita \u00fcber den Ganztag bis zur Hochschule erhalten.<\/p>\n<p>Damit St\u00e4dte von den belastenden Soziallasten befreit und die Regierung mit ihrem &#8222;Sonderangebot&#8220; nicht wieder abtauchen kann, wird die SPD im Bundestag im Rahmen einer Kommunalinitiative sowohl die St\u00e4rkung der Gewerbesteuer als auch die \u00dcbernahme der Kosten f\u00fcr Grundsicherung im Alter durch den Bund einfordern. &#8222;Dann m\u00fcssen CDU und FDP Farbe bekennen&#8220;, so Groschek.<\/p>\n","protected":false},"excerpt":{"rendered":"<p>&#8222;Das Scheitern der Hartz IV-Verhandlungen durch Abbruch der Bundesregierung hat sofort negative Auswirkungen&#8220;, stellt Bundestagsmitglied Michael Groschek fest. Dies beginnt mit der Weigerung, im Rahmen des Bildungspaketes Schulsozialarbeiter zu finanzieren,&hellip; <\/p>\n","protected":false},"author":1,"featured_media":0,"comment_status":"closed","ping_status":"closed","sticky":false,"template":"","format":"standard","meta":{"footnotes":""},"categories":[1],"tags":[],"quellen":[],"class_list":["post-826","post","type-post","status-publish","format-standard","hentry","category-allgemein"],"_links":{"self":[{"href":"https:\/\/meier-gerdingh.de\/wp-spd-ob\/wp-json\/wp\/v2\/posts\/826","targetHints":{"allow":["GET"]}}],"collection":[{"href":"https:\/\/meier-gerdingh.de\/wp-spd-ob\/wp-json\/wp\/v2\/posts"}],"about":[{"href":"https:\/\/meier-gerdingh.de\/wp-spd-ob\/wp-json\/wp\/v2\/types\/post"}],"author":[{"embeddable":true,"href":"https:\/\/meier-gerdingh.de\/wp-spd-ob\/wp-json\/wp\/v2\/users\/1"}],"replies":[{"embeddable":true,"href":"https:\/\/meier-gerdingh.de\/wp-spd-ob\/wp-json\/wp\/v2\/comments?post=826"}],"version-history":[{"count":0,"href":"https:\/\/meier-gerdingh.de\/wp-spd-ob\/wp-json\/wp\/v2\/posts\/826\/revisions"}],"wp:attachment":[{"href":"https:\/\/meier-gerdingh.de\/wp-spd-ob\/wp-json\/wp\/v2\/media?parent=826"}],"wp:term":[{"taxonomy":"category","embeddable":true,"href":"https:\/\/meier-gerdingh.de\/wp-spd-ob\/wp-json\/wp\/v2\/categories?post=826"},{"taxonomy":"post_tag","embeddable":true,"href":"https:\/\/meier-gerdingh.de\/wp-spd-ob\/wp-json\/wp\/v2\/tags?post=826"},{"taxonomy":"quellen","embeddable":true,"href":"https:\/\/meier-gerdingh.de\/wp-spd-ob\/wp-json\/wp\/v2\/quellen?post=826"}],"curies":[{"name":"wp","href":"https:\/\/api.w.org\/{rel}","templated":true}]}}