{"id":8272,"date":"2021-08-05T19:11:18","date_gmt":"2021-08-05T17:11:18","guid":{"rendered":"https:\/\/meier-gerdingh.de\/wp-spd-ob\/?p=8272"},"modified":"2021-08-10T19:15:01","modified_gmt":"2021-08-10T17:15:01","slug":"landesregierung-stoppt-das-kita-helfer-programm","status":"publish","type":"post","link":"https:\/\/meier-gerdingh.de\/wp-spd-ob\/2021\/08\/05\/landesregierung-stoppt-das-kita-helfer-programm\/","title":{"rendered":"Landesregierung stoppt das Kita-Helfer-Programm"},"content":{"rendered":"<div id=\"attachment_4242\" style=\"width: 150px\" class=\"wp-caption alignleft\"><a href=\"https:\/\/meier-gerdingh.de\/wp-spd-ob\/wp-content\/uploads\/2017\/05\/zimkeit_stefan_17.jpg\"><img aria-describedby=\"caption-attachment-4242\" decoding=\"async\" class=\"size-full wp-image-4242\" src=\"https:\/\/meier-gerdingh.de\/wp-spd-ob\/wp-content\/uploads\/2017\/05\/zimkeit_stefan_17.jpg\" alt=\"\" width=\"140\" height=\"192\" \/><\/a><p id=\"caption-attachment-4242\" class=\"wp-caption-text\">Stefan Zimkeit ist Landtagsabgeordneter f\u00fcr Oberhausen-Sterkrade und Dinslaken sowie haushalts- und finanzpolitischer Sprecher der SPD-Landtagsfraktion<\/p><\/div>\n<p>Stefan Zimkeit protestiert gegen die Entscheidung der Landesregierung, das &#8222;Kita-Helfer-Programm&#8220; mit Beginn des neuen Kindergartenjahres zu beenden.<\/p>\n<p>&#8222;Dieses Programm bedeutete w\u00e4hrend der Monate der Pandemie eine wichtige Entlastung f\u00fcr die Erzieherinnen und Erzieher&#8220;, sagt der SPD-Landtagsabgeordnete. &#8222;Da die Kitas weiterhin unter einem eklatanten Personalmangel leiden, sind die zus\u00e4tzlichen Alltagshelferinnen und -helfer unverzichtbar.<!--more--><\/p>\n<p>Die Sorglosigkeit der Laschet-Regierung im Umgang mit der Coronapandemie macht Stefan Zimkeit fassungslos. &#8222;Jeder wei\u00df, dass Kindergartenkinder nicht geimpft werden k\u00f6nnen und die Delta-Variante in einer drohenden vierten Welle eine gro\u00dfe Rolle spielen wird. Vor diesem Hintergrund ist es mehr als fahrl\u00e4ssig, die Kita-Helferinnen und -Helfer auf die Stra\u00dfe zu setzen.&#8220;<\/p>\n<p>Zimkeit fordert, das Helfer-Programm zu verl\u00e4ngern. &#8222;Hier geht es auch um die Wertsch\u00e4tzung von dem, was in den Kitas w\u00e4hrend der Pandemie geleistet wurde. Die Behauptung der Landesregierung, dass die Kitas die Helferinnen und Helfer selbst bezahlen k\u00f6nnen, ist fernab jeder Realit\u00e4t. Statt das Programm zu beenden, sollte die Entlastung der Erzieherinnen und Erzieher dauerhaft etabliert werden&#8220;, betont der SPD-Finanzexperte.<\/p>\n","protected":false},"excerpt":{"rendered":"<p>Stefan Zimkeit protestiert gegen die Entscheidung der Landesregierung, das &#8222;Kita-Helfer-Programm&#8220; mit Beginn des neuen Kindergartenjahres zu beenden. &#8222;Dieses Programm bedeutete w\u00e4hrend der Monate der Pandemie eine wichtige Entlastung f\u00fcr die&hellip; <\/p>\n","protected":false},"author":1,"featured_media":0,"comment_status":"closed","ping_status":"closed","sticky":false,"template":"","format":"standard","meta":{"footnotes":""},"categories":[2275,179,216],"tags":[2463,2223,2228,2218,2958,2004,604,2957,165],"quellen":[331],"class_list":["post-8272","post","type-post","status-publish","format-standard","hentry","category-corona-krise","category-kinder-und-jugendliche","category-land","tag-corona-pandemie","tag-coronavirus","tag-coronavirus-krise","tag-covid-19-krise","tag-delta-variante","tag-erzieherinnen-und-erzieher","tag-kindertagesstaetten","tag-kita-helfer-programm","tag-kitas","quellen-mdl-stefan-zimkeit"],"_links":{"self":[{"href":"https:\/\/meier-gerdingh.de\/wp-spd-ob\/wp-json\/wp\/v2\/posts\/8272","targetHints":{"allow":["GET"]}}],"collection":[{"href":"https:\/\/meier-gerdingh.de\/wp-spd-ob\/wp-json\/wp\/v2\/posts"}],"about":[{"href":"https:\/\/meier-gerdingh.de\/wp-spd-ob\/wp-json\/wp\/v2\/types\/post"}],"author":[{"embeddable":true,"href":"https:\/\/meier-gerdingh.de\/wp-spd-ob\/wp-json\/wp\/v2\/users\/1"}],"replies":[{"embeddable":true,"href":"https:\/\/meier-gerdingh.de\/wp-spd-ob\/wp-json\/wp\/v2\/comments?post=8272"}],"version-history":[{"count":0,"href":"https:\/\/meier-gerdingh.de\/wp-spd-ob\/wp-json\/wp\/v2\/posts\/8272\/revisions"}],"wp:attachment":[{"href":"https:\/\/meier-gerdingh.de\/wp-spd-ob\/wp-json\/wp\/v2\/media?parent=8272"}],"wp:term":[{"taxonomy":"category","embeddable":true,"href":"https:\/\/meier-gerdingh.de\/wp-spd-ob\/wp-json\/wp\/v2\/categories?post=8272"},{"taxonomy":"post_tag","embeddable":true,"href":"https:\/\/meier-gerdingh.de\/wp-spd-ob\/wp-json\/wp\/v2\/tags?post=8272"},{"taxonomy":"quellen","embeddable":true,"href":"https:\/\/meier-gerdingh.de\/wp-spd-ob\/wp-json\/wp\/v2\/quellen?post=8272"}],"curies":[{"name":"wp","href":"https:\/\/api.w.org\/{rel}","templated":true}]}}