{"id":8275,"date":"2021-08-13T15:10:57","date_gmt":"2021-08-13T13:10:57","guid":{"rendered":"https:\/\/meier-gerdingh.de\/wp-spd-ob\/?p=8275"},"modified":"2021-08-13T15:10:57","modified_gmt":"2021-08-13T13:10:57","slug":"perspektive-gegen-den-fachkraeftemangel","status":"publish","type":"post","link":"https:\/\/meier-gerdingh.de\/wp-spd-ob\/2021\/08\/13\/perspektive-gegen-den-fachkraeftemangel\/","title":{"rendered":"Perspektive gegen den Fachkr\u00e4ftemangel"},"content":{"rendered":"<div id=\"attachment_8088\" style=\"width: 170px\" class=\"wp-caption alignleft\"><a href=\"https:\/\/meier-gerdingh.de\/wp-spd-ob\/wp-content\/uploads\/2021\/03\/mdl-frederick-cordes.jpg\"><img aria-describedby=\"caption-attachment-8088\" decoding=\"async\" class=\"size-full wp-image-8088\" src=\"https:\/\/meier-gerdingh.de\/wp-spd-ob\/wp-content\/uploads\/2021\/03\/mdl-frederick-cordes.jpg\" alt=\"\" width=\"160\" height=\"200\" \/><\/a><p id=\"caption-attachment-8088\" class=\"wp-caption-text\">Frederick Cordes ist Mitglied des Landtags von Nordrhein-Westfalen<\/p><\/div>\n<p>Auf dem Ausbildungsmarkt ist die Lage weiter angespannt: w\u00e4hrend das Ausbildungsjahr bereits begonnen hat, stehen laut &#8222;Ausbildungsatlas&#8220; der Bundesagentur f\u00fcr Arbeit noch 27.783 junge Menschen in NRW ohne Berufsperspektive in den Startl\u00f6chern.<\/p>\n<p>Die beiden Oberhausener Landtagsabgeordneten Stefan Zimkeit und Frederick Cordes bekr\u00e4ftigen daher nachdr\u00fccklich ihre Forderung nach einer umlagefinanzierten Ausbildungsplatzgarantie. Und damit stehen sie nicht alleine: auch der nordrhein-westf\u00e4lische DGB hatte zuletzt erneut die Notwendigkeit der Ausbildungsplatzgarantie betont.<!--more--><\/p>\n<p>&#8222;Das duale System ist in Schieflage geraten, und das gef\u00e4hrdet den Lebensweg junger Menschen,&#8220; erkl\u00e4rt Stefan Zimkeit. Die SPD wolle allen Jugendlichen, die keinen Platz f\u00fcr eine duale Ausbildung gefunden h\u00e4tten, einen rechtlichen Anspruch auf eine au\u00dferschulische Ausbildung garantieren. Finanziert werden solle dieses System durch eine Umlage unter den nicht-ausbildenden Betrieben.<\/p>\n<p>&#8222;Dieses Projekt ist nicht nur Teil des SPD-Wahlprogramms, wir haben auch schon einen entsprechenden Antrag im Landtag gestellt. Die schwarz-gelbe Landesregierung hat aber bereits ihre Ablehnung angek\u00fcndigt&#8220;, so Zimkeit weiter.<\/p>\n<p>Als Mitglied des Wirtschaftsausschusses im Landtag kennt Frederick Cordes auch einen weiteren Aspekt der Ausbildungskrise: &#8222;Zum einen brauchen wir ein Zukunftsversprechen f\u00fcr alle jungen Menschen, und zum anderen d\u00fcrfen wir nicht weiter sehenden Auges in einen Fachkr\u00e4ftekollaps hineinlaufen.&#8220;<\/p>\n<p>In nahezu allen Sparten werde derzeit nach gut ausgebildetem Personal gerufen, aber in der Realit\u00e4t bildeten nur noch 20 Prozent der Betriebe und Unternehmen \u00fcberhaupt aus. Studien h\u00e4tten errechnet, so Cordes, dass \u00fcber die umlagefinanzierte Ausbildungsplatzgarantie ca. 20.000 neue Fachkr\u00e4fte zur Verf\u00fcgung stehen k\u00f6nnten.<\/p>\n","protected":false},"excerpt":{"rendered":"<p>Auf dem Ausbildungsmarkt ist die Lage weiter angespannt: w\u00e4hrend das Ausbildungsjahr bereits begonnen hat, stehen laut &#8222;Ausbildungsatlas&#8220; der Bundesagentur f\u00fcr Arbeit noch 27.783 junge Menschen in NRW ohne Berufsperspektive in&hellip; <\/p>\n","protected":false},"author":1,"featured_media":0,"comment_status":"closed","ping_status":"closed","sticky":false,"template":"","format":"standard","meta":{"footnotes":""},"categories":[174,231,216],"tags":[760,2966,2965,2947,2808,2964,2886,1250,2963,762],"quellen":[2806,331],"class_list":["post-8275","post","type-post","status-publish","format-standard","hentry","category-arbeit-und-soziales","category-bildung","category-land","tag-ausbildung","tag-ausbildungsatlas","tag-ausbildungskrise","tag-ausbildungsmarkt","tag-ausbildungsplatzgarantie","tag-ausbildungsumlage","tag-bundesagentur-fuer-arbeit","tag-dgb","tag-duale-ausbildung","tag-fachkraeftemangel","quellen-mdl-frederick-cordes","quellen-mdl-stefan-zimkeit"],"_links":{"self":[{"href":"https:\/\/meier-gerdingh.de\/wp-spd-ob\/wp-json\/wp\/v2\/posts\/8275","targetHints":{"allow":["GET"]}}],"collection":[{"href":"https:\/\/meier-gerdingh.de\/wp-spd-ob\/wp-json\/wp\/v2\/posts"}],"about":[{"href":"https:\/\/meier-gerdingh.de\/wp-spd-ob\/wp-json\/wp\/v2\/types\/post"}],"author":[{"embeddable":true,"href":"https:\/\/meier-gerdingh.de\/wp-spd-ob\/wp-json\/wp\/v2\/users\/1"}],"replies":[{"embeddable":true,"href":"https:\/\/meier-gerdingh.de\/wp-spd-ob\/wp-json\/wp\/v2\/comments?post=8275"}],"version-history":[{"count":0,"href":"https:\/\/meier-gerdingh.de\/wp-spd-ob\/wp-json\/wp\/v2\/posts\/8275\/revisions"}],"wp:attachment":[{"href":"https:\/\/meier-gerdingh.de\/wp-spd-ob\/wp-json\/wp\/v2\/media?parent=8275"}],"wp:term":[{"taxonomy":"category","embeddable":true,"href":"https:\/\/meier-gerdingh.de\/wp-spd-ob\/wp-json\/wp\/v2\/categories?post=8275"},{"taxonomy":"post_tag","embeddable":true,"href":"https:\/\/meier-gerdingh.de\/wp-spd-ob\/wp-json\/wp\/v2\/tags?post=8275"},{"taxonomy":"quellen","embeddable":true,"href":"https:\/\/meier-gerdingh.de\/wp-spd-ob\/wp-json\/wp\/v2\/quellen?post=8275"}],"curies":[{"name":"wp","href":"https:\/\/api.w.org\/{rel}","templated":true}]}}