{"id":8325,"date":"2021-08-24T15:43:17","date_gmt":"2021-08-24T13:43:17","guid":{"rendered":"https:\/\/meier-gerdingh.de\/wp-spd-ob\/?p=8325"},"modified":"2021-08-24T15:43:17","modified_gmt":"2021-08-24T13:43:17","slug":"aeltere-arbeitslose-berufserfahrene-und-menschen-ohne-berufsausbildung-besser-foerdern","status":"publish","type":"post","link":"https:\/\/meier-gerdingh.de\/wp-spd-ob\/2021\/08\/24\/aeltere-arbeitslose-berufserfahrene-und-menschen-ohne-berufsausbildung-besser-foerdern\/","title":{"rendered":"\u00c4ltere arbeitslose Berufserfahrene und Menschen ohne Berufsausbildung besser f\u00f6rdern"},"content":{"rendered":"<div id=\"attachment_7690\" style=\"width: 170px\" class=\"wp-caption alignleft\"><a href=\"https:\/\/meier-gerdingh.de\/wp-spd-ob\/wp-content\/uploads\/2020\/11\/bongers-sonja-2020-lg.jpg\"><img aria-describedby=\"caption-attachment-7690\" decoding=\"async\" class=\"size-full wp-image-7690\" src=\"https:\/\/meier-gerdingh.de\/wp-spd-ob\/wp-content\/uploads\/2020\/11\/bongers-sonja-2020.jpg\" alt=\"\" width=\"160\" height=\"200\" \/><\/a><p id=\"caption-attachment-7690\" class=\"wp-caption-text\">Sonja Bongers ist Vorsitzende der SPD-Ratsfraktion und Mitglied des Landtags von Nordrhein-Westfalen<\/p><\/div>\n<p>Die SPD-Landtagsabgeordnete Sonja Bongers hat sich daf\u00fcr ausgesprochen, mit gezielten Programmen Menschen \u00fcber 55 und solche ohne Berufsausbildung besser in den Arbeitsmarkt zu integrieren. &#8222;Wir k\u00f6nnen es uns \u00fcberhaupt nicht leisten, diese Menschen zu verlieren. Besonders \u00c4ltere verf\u00fcgen \u00fcber so viel Erfahrung, die wir f\u00fcr unsere Wirtschaft und Gesellschaft dringend brauchen&#8220;, erkl\u00e4rte Bongers zu einer Studie des DGB.<!--more--><\/p>\n<h3 class=\"spd-ob-crossheading\">Pr\u00e4zise individuelle Ma\u00dfnahmen<\/h3>\n<p>Daher regt die SPD-Politikerin an mit einem gezielten F\u00f6rderprogramm und dem Ausbau eines soziales Arbeitsmarktes die schwierige Situation anzugehen. &#8222;Kurze, passgenaue Programme f\u00fcr \u00e4ltere Menschen machen durchaus Sinn, um hier dem drohenden sozialen Abstieg und gleichzeitig dem Fachkr\u00e4ftemangel entgegenzuwirken. Diese Leute haben Potenziale, die wir abrufen k\u00f6nnen und auch brauchen. Menschen ohne Qualifikation muss der Eintritt \u00fcber eine Erstausbildung in den Arbeitsmarkt erm\u00f6glicht werden. Mir ist auch klar, dass man nicht jeden damit erreichen kann, aber es gibt sehr viele Menschen, die weiter im Job bleiben wollen oder auch erst einmal Fu\u00df fassen wollen. Die m\u00fcssen unsere Zielgruppe sein&#8220;, so Bongers.<\/p>\n<h3 class=\"spd-ob-crossheading\">Alarmierende Zahlen<\/h3>\n<p>Die Entwicklung auf dem Arbeitsmarkt zeige es deutlich: &#8222;Die Zahl der Arbeitslosen, die \u00e4lter als 55 Jahre ist, hat sich in Deutschland um 16 Prozent erh\u00f6ht, wenn man die Daten mit dem Februar 2020 vergleicht. Diese Zahlen gelten auch f\u00fcr Oberhausen, wo auch immer noch zahlreiche Langzeitarbeitslose leben&#8220;, so Bongers.<\/p>\n<p>Nach Studien des DGB waren vor dem ersten Lockdown im Februar 2020 lag die Zahl der Arbeitslosen \u00fcber 55 Jahren noch bei rund 134.000 , ihre Zahl ist aktuell auf \u00fcber 156.000 gestiegen. Bei den Langzeitarbeitslosen stieg die Zahl von zirka 242.000 auf knapp 336.000 &#8211; ein Zuwachs von 38,5 Prozent.<\/p>\n","protected":false},"excerpt":{"rendered":"<p>Die SPD-Landtagsabgeordnete Sonja Bongers hat sich daf\u00fcr ausgesprochen, mit gezielten Programmen Menschen \u00fcber 55 und solche ohne Berufsausbildung besser in den Arbeitsmarkt zu integrieren. &#8222;Wir k\u00f6nnen es uns \u00fcberhaupt nicht&hellip; <\/p>\n","protected":false},"author":1,"featured_media":0,"comment_status":"closed","ping_status":"closed","sticky":false,"template":"","format":"standard","meta":{"footnotes":""},"categories":[174],"tags":[2972,1594,18,2973,1250,762,431,740],"quellen":[1317],"class_list":["post-8325","post","type-post","status-publish","format-standard","hentry","category-arbeit-und-soziales","tag-aeltere-arbeitslose","tag-arbeitslosigkeit","tag-arbeitsmarkt","tag-berufsausbildung","tag-dgb","tag-fachkraeftemangel","tag-langzeitarbeitslosigkeit","tag-sozialer-arbeitsmarkt","quellen-mdl-sonja-bongers"],"_links":{"self":[{"href":"https:\/\/meier-gerdingh.de\/wp-spd-ob\/wp-json\/wp\/v2\/posts\/8325","targetHints":{"allow":["GET"]}}],"collection":[{"href":"https:\/\/meier-gerdingh.de\/wp-spd-ob\/wp-json\/wp\/v2\/posts"}],"about":[{"href":"https:\/\/meier-gerdingh.de\/wp-spd-ob\/wp-json\/wp\/v2\/types\/post"}],"author":[{"embeddable":true,"href":"https:\/\/meier-gerdingh.de\/wp-spd-ob\/wp-json\/wp\/v2\/users\/1"}],"replies":[{"embeddable":true,"href":"https:\/\/meier-gerdingh.de\/wp-spd-ob\/wp-json\/wp\/v2\/comments?post=8325"}],"version-history":[{"count":0,"href":"https:\/\/meier-gerdingh.de\/wp-spd-ob\/wp-json\/wp\/v2\/posts\/8325\/revisions"}],"wp:attachment":[{"href":"https:\/\/meier-gerdingh.de\/wp-spd-ob\/wp-json\/wp\/v2\/media?parent=8325"}],"wp:term":[{"taxonomy":"category","embeddable":true,"href":"https:\/\/meier-gerdingh.de\/wp-spd-ob\/wp-json\/wp\/v2\/categories?post=8325"},{"taxonomy":"post_tag","embeddable":true,"href":"https:\/\/meier-gerdingh.de\/wp-spd-ob\/wp-json\/wp\/v2\/tags?post=8325"},{"taxonomy":"quellen","embeddable":true,"href":"https:\/\/meier-gerdingh.de\/wp-spd-ob\/wp-json\/wp\/v2\/quellen?post=8325"}],"curies":[{"name":"wp","href":"https:\/\/api.w.org\/{rel}","templated":true}]}}