{"id":8328,"date":"2021-08-25T17:34:28","date_gmt":"2021-08-25T15:34:28","guid":{"rendered":"https:\/\/meier-gerdingh.de\/wp-spd-ob\/?p=8328"},"modified":"2021-08-25T17:34:28","modified_gmt":"2021-08-25T15:34:28","slug":"andre-auf-der-heiden-und-stefan-zimkeit-fordern-hilfen-vom-land","status":"publish","type":"post","link":"https:\/\/meier-gerdingh.de\/wp-spd-ob\/2021\/08\/25\/andre-auf-der-heiden-und-stefan-zimkeit-fordern-hilfen-vom-land\/","title":{"rendered":"Andr\u00e9 auf der Heiden und Stefan Zimkeit fordern Hilfen vom Land"},"content":{"rendered":"<div id=\"attachment_8326\" style=\"width: 710px\" class=\"wp-caption aligncenter\"><a href=\"https:\/\/meier-gerdingh.de\/wp-spd-ob\/wp-content\/uploads\/2021\/08\/zimkeit-auf-der-heiden-2021-lg.jpg\"><img aria-describedby=\"caption-attachment-8326\" decoding=\"async\" class=\"size-full wp-image-8326\" src=\"https:\/\/meier-gerdingh.de\/wp-spd-ob\/wp-content\/uploads\/2021\/08\/zimkeit-auf-der-heiden-2021.jpg\" alt=\"\" width=\"700\" height=\"521\" srcset=\"https:\/\/meier-gerdingh.de\/wp-spd-ob\/wp-content\/uploads\/2021\/08\/zimkeit-auf-der-heiden-2021.jpg 700w, https:\/\/meier-gerdingh.de\/wp-spd-ob\/wp-content\/uploads\/2021\/08\/zimkeit-auf-der-heiden-2021-300x223.jpg 300w\" sizes=\"(max-width: 700px) 100vw, 700px\" \/><\/a><p id=\"caption-attachment-8326\" class=\"wp-caption-text\">Andr\u00e9 auf der Heiden und Stefan Zimkeit (Quelle: B\u00fcro Zimkeit)<\/p><\/div>\n<p>&#8222;Unserer Stadt drohen wieder Haushaltssicherungsma\u00dfnahmen wie die Schlie\u00dfung von Einrichtungen, die Streichung von Zusch\u00fcssen und h\u00f6here Steuern&#8220;, bef\u00fcrchtet der Verdi-Landesvorsitzende Andr\u00e9 auf der Heiden. Er unterstrich im Gespr\u00e4ch mit dem Oberhausener Abgeordneten Stefan Zimkeit die Forderung der Dienstleistungsgewerkschaft nach mehr finanzieller Unterst\u00fctzung durch das Land und die Erstattung der coronabedingten Einnahmeausf\u00e4lle. Auf der Heiden und Zimkeit waren sich einig, dass die Kommunen mit den hohen finanziellen Belastungen der Pandemie nicht alleine gelassen werden d\u00fcrfen. &#8222;Leider kommt da von der Landesregierung bisher nichts&#8220;, so auf der Heiden.<!--more--><\/p>\n<p>&#8222;Die Gelder f\u00fcr Hilfen f\u00fcr die St\u00e4dte stehen im Corona-Rettungsschirm zur Verf\u00fcgung&#8220;, stellt der SPD-Finanzexperte Zimkeit fest. &#8222;Dieser Rettungsschirm muss auch \u00fcber die Kommunen gespannt werden, denn sonst m\u00fcssen die B\u00fcrgerinnen und B\u00fcrger vor Ort die Zeche f\u00fcr die Pandemie bezahlen.&#8220; Er berichtete, dass im Landtag zurzeit ein SPD-Antrag beraten wird, den St\u00e4dten ihre Einnahmeausf\u00e4lle f\u00fcr die Jahre 2021 und 2022 zu erstatten. &#8222;F\u00fcr Oberhausen ist es enorm wichtig, dass CDU und FDP ihre Blockadehaltung aufgeben.&#8220;<\/p>\n<p>Andr\u00e9 auf der Heiden, der auch Gesamtpersonalratsvorsitzender der Stadtverwaltung ist, forderte zudem, dass eine Altschuldenl\u00f6sung f\u00fcr hochverschuldete St\u00e4dte wie Oberhausen gefunden wird. &#8222;Auch Oberhausen muss in die Zukunft, insbesondere in Bildung und Infrastruktur investieren k\u00f6nnen. Das geht nur, wenn wir endlich von der Belastung durch die Altschulden befreit werden.&#8220;<\/p>\n<p>Stefan Zimkeit sieht hier das Land in der Pflicht. Nachdem der Vorschlag von Bundesfinanzminister Olaf Scholz (SPD), einen Altschuldenfonds auf Bundesebene einzurichten, am Widerstand der Union gescheitert sei, m\u00fcsse nun das Land handeln. &#8222;Denn das Land ist f\u00fcr die kommunalen Finanzen zust\u00e4ndig. Doch bisher wurden leider alle Vorschl\u00e4ge zur Altschuldenl\u00f6sung abgelehnt&#8220;, bedauerte Zimkeit.<\/p>\n<p>Dies m\u00fcsse sich gerade im Interesse des Ruhrgebietes umgehend \u00e4ndern, unterst\u00fctzt der SPD Abgeordnete die Verdi-Forderung. &#8222;Die Menschen im Ruhrgebiet d\u00fcrfen nicht weiter vom Land benachteiligt werden&#8220;, so auf der Heiden.<\/p>\n","protected":false},"excerpt":{"rendered":"<p>&#8222;Unserer Stadt drohen wieder Haushaltssicherungsma\u00dfnahmen wie die Schlie\u00dfung von Einrichtungen, die Streichung von Zusch\u00fcssen und h\u00f6here Steuern&#8220;, bef\u00fcrchtet der Verdi-Landesvorsitzende Andr\u00e9 auf der Heiden. Er unterstrich im Gespr\u00e4ch mit dem&hellip; <\/p>\n","protected":false},"author":1,"featured_media":0,"comment_status":"closed","ping_status":"closed","sticky":false,"template":"","format":"standard","meta":{"footnotes":""},"categories":[98,216],"tags":[1259,2346,2463,2572,2223,2228,2218,2974,14,1306,2329,1598],"quellen":[331],"class_list":["post-8328","post","type-post","status-publish","format-standard","hentry","category-finanzen","category-land","tag-altschulden","tag-altschuldenloesung","tag-corona-pandemie","tag-corona-rettungsschirm","tag-coronavirus","tag-coronavirus-krise","tag-covid-19-krise","tag-einnahmeausfaelle","tag-kommunalfinanzen","tag-ruhrgebiet","tag-steuerausfaelle","tag-verdi","quellen-mdl-stefan-zimkeit"],"_links":{"self":[{"href":"https:\/\/meier-gerdingh.de\/wp-spd-ob\/wp-json\/wp\/v2\/posts\/8328","targetHints":{"allow":["GET"]}}],"collection":[{"href":"https:\/\/meier-gerdingh.de\/wp-spd-ob\/wp-json\/wp\/v2\/posts"}],"about":[{"href":"https:\/\/meier-gerdingh.de\/wp-spd-ob\/wp-json\/wp\/v2\/types\/post"}],"author":[{"embeddable":true,"href":"https:\/\/meier-gerdingh.de\/wp-spd-ob\/wp-json\/wp\/v2\/users\/1"}],"replies":[{"embeddable":true,"href":"https:\/\/meier-gerdingh.de\/wp-spd-ob\/wp-json\/wp\/v2\/comments?post=8328"}],"version-history":[{"count":0,"href":"https:\/\/meier-gerdingh.de\/wp-spd-ob\/wp-json\/wp\/v2\/posts\/8328\/revisions"}],"wp:attachment":[{"href":"https:\/\/meier-gerdingh.de\/wp-spd-ob\/wp-json\/wp\/v2\/media?parent=8328"}],"wp:term":[{"taxonomy":"category","embeddable":true,"href":"https:\/\/meier-gerdingh.de\/wp-spd-ob\/wp-json\/wp\/v2\/categories?post=8328"},{"taxonomy":"post_tag","embeddable":true,"href":"https:\/\/meier-gerdingh.de\/wp-spd-ob\/wp-json\/wp\/v2\/tags?post=8328"},{"taxonomy":"quellen","embeddable":true,"href":"https:\/\/meier-gerdingh.de\/wp-spd-ob\/wp-json\/wp\/v2\/quellen?post=8328"}],"curies":[{"name":"wp","href":"https:\/\/api.w.org\/{rel}","templated":true}]}}