{"id":833,"date":"2011-02-23T17:00:00","date_gmt":"2011-02-23T15:00:00","guid":{"rendered":"http:\/\/www.meier-gerdingh.de\/spd-oberhausen\/wp\/?p=833"},"modified":"2017-05-16T14:30:58","modified_gmt":"2017-05-16T12:30:58","slug":"renu-pascheberg-ist-neuer-vorsitzender-der-spd-im-oberhausener-osten","status":"publish","type":"post","link":"https:\/\/meier-gerdingh.de\/wp-spd-ob\/2011\/02\/23\/renu-pascheberg-ist-neuer-vorsitzender-der-spd-im-oberhausener-osten\/","title":{"rendered":"Ren\u00e9 Pascheberg ist neuer Vorsitzender der SPD im Oberhausener Osten"},"content":{"rendered":"<div style=\"width: 150px\" class=\"wp-caption alignleft\"><a href=\"http:\/\/meier-gerdingh.de\/wp-spd-ob\/wp-content\/uploads\/pascheberg_rene_09.jpg\"><img decoding=\"async\" class=\"size-full\" src=\"http:\/\/meier-gerdingh.de\/wp-spd-ob\/wp-content\/uploads\/pascheberg_rene_09.jpg\" alt=\"Ren\u00e9 Pascheberg ist neuer Vorsitzender des Ortsvereins Oberhausen-Ost\" width=\"140\" height=\"169\" \/><\/a><p class=\"wp-caption-text\">Ren\u00e9 Pascheberg ist neuer Vorsitzender des Ortsvereins Oberhausen-Ost<\/p><\/div>\n<p>Nach einer spannenden Jahreshauptversammlung des SPD-Ortsvereins Oberhausen-Ost ist ein weitreichender Wechsel an der Spitze des Ortsvereins vollzogen. Die Wahl eines neuen Vorsitzenden war notwendig geworden, nachdem Frank Motschull mit seiner Wahl zum st\u00e4dtischen Beigeordneten am 1. Dezember 2010 auf eine Wiederwahl verzichtet hatte. In einer knappen Entscheidung setzte sich Ren\u00e9 Pascheberg (24 Jahre, Stadtverordneter f\u00fcr D\u00fcmpten) mit 45 Stimmen gegen Uly Stroh (56 Jahre, Stadtverordnete f\u00fcr Borbeck), auf die 39 Stimmen entfielen, durch.<!--more--><\/p>\n<p>87 wahlberechtigte Mitglieder der Jahreshauptversammlung w\u00e4hlten ferner mit den zwei stellvertretenden Vorsitzenden Dorothee Radtke und Marco Boksteen sowie mit Gesch\u00e4ftsf\u00fchrer Harald Schwab und Hauptkassierer Manuel Dr\u00f6hne vier neue Mitglieder des gesch\u00e4ftsf\u00fchrenden Ortsvereinsvorstandes.<\/p>\n<p>Ortsvereinsvorsitzender Pascheberg erkl\u00e4rte, den kollegialen Zusammenhalt als Erfolgsmerkmal des SPD-Ortsvereins Ost fortsetzen und aktiv f\u00f6rdern zu wollen. Von den Jusos \u00fcber den Ortsvereinsvorstand bis zur AG 60 plus reichten die St\u00e4rken der Sozialdemokraten im Oberhausener Osten, die es weiter zu pflegen gelte.<\/p>\n<p>In den <b>Ortsvereinsvorstand<\/b> der SPD Oberhausen-Ost wurden weiter gew\u00e4hlt die Schriftf\u00fchrer Nicole Kenzer und Andreas Werdelmann, die Pressesprecher Magnus Dellwig und Ingo D\u00e4mgen, der Internetbeauftragte Max Janetzki sowie der Wahlkampfbeauftragte Friedhelm Pascheberg.<\/p>\n<p>Hinzu kommen die <b>Beisitzer<\/b>: Horst Wolter, Michael Groschek, Corinna Behrends, Frank Motschull, Walburga Grunauer, Roswitha Groschek, Uly Stroh, Sven Pascheberg, Anke Eisermann, Klaus Knichel, Hartwig Kompa, Horst Fa\u00dfbender und Erik Fechner.<\/p>\n","protected":false},"excerpt":{"rendered":"<p>Nach einer spannenden Jahreshauptversammlung des SPD-Ortsvereins Oberhausen-Ost ist ein weitreichender Wechsel an der Spitze des Ortsvereins vollzogen. Die Wahl eines neuen Vorsitzenden war notwendig geworden, nachdem Frank Motschull mit seiner&hellip; <\/p>\n","protected":false},"author":1,"featured_media":0,"comment_status":"closed","ping_status":"closed","sticky":false,"template":"","format":"standard","meta":{"footnotes":""},"categories":[1],"tags":[],"quellen":[],"class_list":["post-833","post","type-post","status-publish","format-standard","hentry","category-allgemein"],"_links":{"self":[{"href":"https:\/\/meier-gerdingh.de\/wp-spd-ob\/wp-json\/wp\/v2\/posts\/833","targetHints":{"allow":["GET"]}}],"collection":[{"href":"https:\/\/meier-gerdingh.de\/wp-spd-ob\/wp-json\/wp\/v2\/posts"}],"about":[{"href":"https:\/\/meier-gerdingh.de\/wp-spd-ob\/wp-json\/wp\/v2\/types\/post"}],"author":[{"embeddable":true,"href":"https:\/\/meier-gerdingh.de\/wp-spd-ob\/wp-json\/wp\/v2\/users\/1"}],"replies":[{"embeddable":true,"href":"https:\/\/meier-gerdingh.de\/wp-spd-ob\/wp-json\/wp\/v2\/comments?post=833"}],"version-history":[{"count":0,"href":"https:\/\/meier-gerdingh.de\/wp-spd-ob\/wp-json\/wp\/v2\/posts\/833\/revisions"}],"wp:attachment":[{"href":"https:\/\/meier-gerdingh.de\/wp-spd-ob\/wp-json\/wp\/v2\/media?parent=833"}],"wp:term":[{"taxonomy":"category","embeddable":true,"href":"https:\/\/meier-gerdingh.de\/wp-spd-ob\/wp-json\/wp\/v2\/categories?post=833"},{"taxonomy":"post_tag","embeddable":true,"href":"https:\/\/meier-gerdingh.de\/wp-spd-ob\/wp-json\/wp\/v2\/tags?post=833"},{"taxonomy":"quellen","embeddable":true,"href":"https:\/\/meier-gerdingh.de\/wp-spd-ob\/wp-json\/wp\/v2\/quellen?post=833"}],"curies":[{"name":"wp","href":"https:\/\/api.w.org\/{rel}","templated":true}]}}