{"id":834,"date":"2011-02-28T17:00:00","date_gmt":"2011-02-28T15:00:00","guid":{"rendered":"http:\/\/www.meier-gerdingh.de\/spd-oberhausen\/wp\/?p=834"},"modified":"2017-05-16T14:29:59","modified_gmt":"2017-05-16T12:29:59","slug":"michael-groschek-und-dr-carola-reimann-nehmen-am-2-maerz-gemeinsam-am-praxistag-in-oberhausen-teil","status":"publish","type":"post","link":"https:\/\/meier-gerdingh.de\/wp-spd-ob\/2011\/02\/28\/michael-groschek-und-dr-carola-reimann-nehmen-am-2-maerz-gemeinsam-am-praxistag-in-oberhausen-teil\/","title":{"rendered":"Michael Groschek und Dr. Carola Reimann nehmen am 2.&nbsp;M\u00e4rz gemeinsam am Praxistag in Oberhausen teil"},"content":{"rendered":"<div style=\"width: 190px\" class=\"wp-caption alignleft\"><a href=\"http:\/\/meier-gerdingh.de\/wp-spd-ob\/wp-content\/uploads\/reimann_carola_09.jpg\"><img decoding=\"async\" class=\"size-full\" src=\"http:\/\/meier-gerdingh.de\/wp-spd-ob\/wp-content\/uploads\/reimann_carola_09.jpg\" alt=\"Dr. Carola Reimann, Vorsitzende des Gesundheitsausschusses des Deutschen Bundestages\" width=\"180\" height=\"214\" \/><\/a><p class=\"wp-caption-text\">Dr. Carola Reimann, Vorsitzende des Gesundheitsausschusses des Deutschen Bundestages<\/p><\/div>\n<p>Seit dem 01. Januar 2011 ist die Gesundheitsreform der Bundesregierung in Kraft. Die negativen Auswirkungen werden zuk\u00fcnftig f\u00fcr jeden einzelnen deutlich sp\u00fcrbar sein. Die Versicherten m\u00fcssen nunmehr allein Kostensteigerungen im Gesundheitswesen schultern. Aber wie sieht es in den Bereichen des Gesundheitswesens aus, in die wir nicht immer Einblick haben? &#8222;Ich m\u00f6chte erfahren, mit welchen Problemen und Herausforderungen die Menschen, die t\u00e4glich im Bereich der Pflege und Gesundheit arbeiten, umgehen m\u00fcssen und was ihre Bed\u00fcrfnisse und W\u00fcnsche sind&#8220;, sagt der Bundestagsabgeordnete Michael Groschek. Der Wahlkreisabgeordnete aus Oberhausen \/ Dinslaken wird daher am 02.\u00a0M\u00e4rz 2011 im Rahmen eines Praktikums im Oberhausener Seniorenzentrum Haus Abendfrieden selbst anpacken und die Arbeit pers\u00f6nlich kennenlernen.<!--more--><\/p>\n<p>Aus den Gespr\u00e4chen mit den Heimbewohnern, Personal, Pflegerinnen und Pfleger, m\u00f6chte er Erfahrungen und Anregungen f\u00fcr seine politische Arbeit mitnehmen. &#8222;Dies ist ein wichtiger Schritt f\u00fcr die sozialdemokratische Gesundheitspolitik. Wir orientieren uns an den realen Lebensumst\u00e4nden der Menschen statt an Lobbyinteressen&#8220;, so Groschek. Laut Josef Bergmann, Gesch\u00e4ftsf\u00fchrer der Haus Abendfrieden GmbH, werden unter anderem die Betreuung demenzkranker Heimbewohner und die vollstation\u00e4re Heimpflege die Schwerpunktthemen bilden.<\/p>\n<p>Die Diskussion \u00fcber die gesammelten Erfahrungen und Eindr\u00fccke und die Konsequenzen f\u00fcr die Pflege- und Gesundheitspolitik m\u00f6chte der Abgeordnete Groschek \u00f6ffentlich f\u00fchren. Unter dem Titel <b>&#8222;Gesundheit und Pflege f\u00fcr alle? &#8211; B\u00fcrgerversicherung oder 3-Klassen-Medizin?&#8220;<\/b> werden deshalb <b>Dr. Carola Reimann<\/b>, Vorsitzende des Gesundheitsausschusses des Deutschen Bundestages, und <b>Michael Groschek<\/b>, am <b>02. M\u00e4rz um 15.00 Uhr im Mehrgenerationenhaus &#8222;Alte Heid&#8220;<\/b>, sich in einer gemeinsamen Runde mit den Vertretern aus dem Bereich Pflege und Gesundheit \u00fcber die schwarz-gelbe Gesundheitspolitik austauschen.<\/p>\n<p>Dazu eingeladen sind Vertreter der Stadt Oberhausen, Krankenh\u00e4user, Krankenkassen, Wohlfahrtsverb\u00e4nde sowie \u00c4rztevertreter. Die Ergebnisse werden die beiden Bundestagsabgeordneten nutzen, um sie sowohl in die parlamentarische Arbeit als auch in das SPD-Modell einer solidarischen B\u00fcrgerversicherungen einflie\u00dfen zu lassen.<\/p>\n<p><b>Veranstaltung:<\/b><br \/>\n&#8222;Gesundheit und Pflege f\u00fcr alle? &#8211; B\u00fcrgerversicherung oder 3-Klassen-Medizin?&#8220; mit Michael Groschek, MdB, und Dr. Carola Reimann, MdB<\/p>\n<p><b>Datum:<\/b><br \/>\nMittwoch, 2. M\u00e4rz 2011,<br \/>\nab 15.00 Uhr<\/p>\n<p><b>Ort:<\/b><br \/>\nMehrgenerationenhaus &#8222;Alte Heid&#8220;<\/p>\n","protected":false},"excerpt":{"rendered":"<p>Seit dem 01. Januar 2011 ist die Gesundheitsreform der Bundesregierung in Kraft. Die negativen Auswirkungen werden zuk\u00fcnftig f\u00fcr jeden einzelnen deutlich sp\u00fcrbar sein. Die Versicherten m\u00fcssen nunmehr allein Kostensteigerungen im&hellip; <\/p>\n","protected":false},"author":1,"featured_media":0,"comment_status":"closed","ping_status":"closed","sticky":false,"template":"","format":"standard","meta":{"footnotes":""},"categories":[1],"tags":[],"quellen":[],"class_list":["post-834","post","type-post","status-publish","format-standard","hentry","category-allgemein"],"_links":{"self":[{"href":"https:\/\/meier-gerdingh.de\/wp-spd-ob\/wp-json\/wp\/v2\/posts\/834","targetHints":{"allow":["GET"]}}],"collection":[{"href":"https:\/\/meier-gerdingh.de\/wp-spd-ob\/wp-json\/wp\/v2\/posts"}],"about":[{"href":"https:\/\/meier-gerdingh.de\/wp-spd-ob\/wp-json\/wp\/v2\/types\/post"}],"author":[{"embeddable":true,"href":"https:\/\/meier-gerdingh.de\/wp-spd-ob\/wp-json\/wp\/v2\/users\/1"}],"replies":[{"embeddable":true,"href":"https:\/\/meier-gerdingh.de\/wp-spd-ob\/wp-json\/wp\/v2\/comments?post=834"}],"version-history":[{"count":0,"href":"https:\/\/meier-gerdingh.de\/wp-spd-ob\/wp-json\/wp\/v2\/posts\/834\/revisions"}],"wp:attachment":[{"href":"https:\/\/meier-gerdingh.de\/wp-spd-ob\/wp-json\/wp\/v2\/media?parent=834"}],"wp:term":[{"taxonomy":"category","embeddable":true,"href":"https:\/\/meier-gerdingh.de\/wp-spd-ob\/wp-json\/wp\/v2\/categories?post=834"},{"taxonomy":"post_tag","embeddable":true,"href":"https:\/\/meier-gerdingh.de\/wp-spd-ob\/wp-json\/wp\/v2\/tags?post=834"},{"taxonomy":"quellen","embeddable":true,"href":"https:\/\/meier-gerdingh.de\/wp-spd-ob\/wp-json\/wp\/v2\/quellen?post=834"}],"curies":[{"name":"wp","href":"https:\/\/api.w.org\/{rel}","templated":true}]}}