{"id":8346,"date":"2021-09-23T10:15:20","date_gmt":"2021-09-23T08:15:20","guid":{"rendered":"https:\/\/meier-gerdingh.de\/wp-spd-ob\/?p=8346"},"modified":"2021-09-24T10:17:20","modified_gmt":"2021-09-24T08:17:20","slug":"laschet-regierung-verantwortlich-fuer-lehrermangel","status":"publish","type":"post","link":"https:\/\/meier-gerdingh.de\/wp-spd-ob\/2021\/09\/23\/laschet-regierung-verantwortlich-fuer-lehrermangel\/","title":{"rendered":"Laschet-Regierung verantwortlich f\u00fcr Lehrermangel"},"content":{"rendered":"<div id=\"attachment_4242\" style=\"width: 150px\" class=\"wp-caption alignleft\"><a href=\"https:\/\/meier-gerdingh.de\/wp-spd-ob\/wp-content\/uploads\/2017\/05\/zimkeit_stefan_17.jpg\"><img aria-describedby=\"caption-attachment-4242\" decoding=\"async\" class=\"size-full wp-image-4242\" src=\"https:\/\/meier-gerdingh.de\/wp-spd-ob\/wp-content\/uploads\/2017\/05\/zimkeit_stefan_17.jpg\" alt=\"\" width=\"140\" height=\"192\" \/><\/a><p id=\"caption-attachment-4242\" class=\"wp-caption-text\">Stefan Zimkeit ist Landtagsabgeordneter f\u00fcr Oberhausen-Sterkrade und Dinslaken sowie haushalts- und finanzpolitischer Sprecher der SPD-Landtagsfraktion<\/p><\/div>\n<p>&#8222;Unbesetzte Stellen erteilen keinen Unterricht&#8220;, \u00fcbt Stefan Zimkeit deutliche Kritik an der Laschet-Regierung. &#8222;An 70 Prozent aller Schulen in Oberhausen fehlen Lehrkr\u00e4fte&#8220;, fasst der SPD-Abgeordnete eine Antwort auf eine kleine Anfrage zusammen, die er vom Schulministerium erhalten hat. &#8222;Allein 21 der 30 Grundschulen in unserer Stadt sind davon betroffen. Hier r\u00e4cht sich, dass die Landesregierung das Lehrpersonal an Grundschulen immer noch deutlich schlechter bezahlt als an den Gymnasien, obwohl Ausbildung und T\u00e4tigkeit genauso anspruchsvoll sind&#8220;, so Zimkeit.<!--more--><\/p>\n<p>&#8222;Zudem fehlen an s\u00e4mtlichen Oberhausener Real- und F\u00f6rderschulen und auch an einem Teil der Gesamtschulen und Gymnasien Lehrkr\u00e4fte. Das ist eine unertr\u00e4gliche Situation, die zulasten der Bildungschancen geht. Insgesamt sind in NRW \u00fcber 8000 Stellen nicht besetzt, was Unterrichtsaufall, eine Verschlechterung der Bildungsqualit\u00e4t und eine starke Belastung der Lehrkr\u00e4fte zur Folge hat&#8220;, kritisiert der SPD-Finanzexperte. Damit habe sich die Lage an Schulen im letzten Jahr noch einmal deutlich verschlechtert, da 1500 Lehrkr\u00e4fte mehr fehlen.<\/p>\n<p>Zimkeit wirft der Laschet-Regierung vor, zu wenig getan zu haben, um den Lehrerberuf attraktiv zu machen. &#8222;Das weitgehende Versagen des Schulministeriums bei der Coronabek\u00e4mpfung hat f\u00fcr eine zus\u00e4tzliche Verunsicherung gesorgt.&#8220;<\/p>\n","protected":false},"excerpt":{"rendered":"<p>&#8222;Unbesetzte Stellen erteilen keinen Unterricht&#8220;, \u00fcbt Stefan Zimkeit deutliche Kritik an der Laschet-Regierung. &#8222;An 70 Prozent aller Schulen in Oberhausen fehlen Lehrkr\u00e4fte&#8220;, fasst der SPD-Abgeordnete eine Antwort auf eine kleine&hellip; <\/p>\n","protected":false},"author":1,"featured_media":0,"comment_status":"closed","ping_status":"closed","sticky":false,"template":"","format":"standard","meta":{"footnotes":""},"categories":[231,216,2],"tags":[1554,2989,1801,2990,2988],"quellen":[331],"class_list":["post-8346","post","type-post","status-publish","format-standard","hentry","category-bildung","category-land","category-schule","tag-kleine-anfrage-landtag","tag-lehrerinnen-und-lehrer","tag-lehrermangel","tag-lehrkraeftemangel","tag-unterrichtsausfall","quellen-mdl-stefan-zimkeit"],"_links":{"self":[{"href":"https:\/\/meier-gerdingh.de\/wp-spd-ob\/wp-json\/wp\/v2\/posts\/8346","targetHints":{"allow":["GET"]}}],"collection":[{"href":"https:\/\/meier-gerdingh.de\/wp-spd-ob\/wp-json\/wp\/v2\/posts"}],"about":[{"href":"https:\/\/meier-gerdingh.de\/wp-spd-ob\/wp-json\/wp\/v2\/types\/post"}],"author":[{"embeddable":true,"href":"https:\/\/meier-gerdingh.de\/wp-spd-ob\/wp-json\/wp\/v2\/users\/1"}],"replies":[{"embeddable":true,"href":"https:\/\/meier-gerdingh.de\/wp-spd-ob\/wp-json\/wp\/v2\/comments?post=8346"}],"version-history":[{"count":0,"href":"https:\/\/meier-gerdingh.de\/wp-spd-ob\/wp-json\/wp\/v2\/posts\/8346\/revisions"}],"wp:attachment":[{"href":"https:\/\/meier-gerdingh.de\/wp-spd-ob\/wp-json\/wp\/v2\/media?parent=8346"}],"wp:term":[{"taxonomy":"category","embeddable":true,"href":"https:\/\/meier-gerdingh.de\/wp-spd-ob\/wp-json\/wp\/v2\/categories?post=8346"},{"taxonomy":"post_tag","embeddable":true,"href":"https:\/\/meier-gerdingh.de\/wp-spd-ob\/wp-json\/wp\/v2\/tags?post=8346"},{"taxonomy":"quellen","embeddable":true,"href":"https:\/\/meier-gerdingh.de\/wp-spd-ob\/wp-json\/wp\/v2\/quellen?post=8346"}],"curies":[{"name":"wp","href":"https:\/\/api.w.org\/{rel}","templated":true}]}}