{"id":8347,"date":"2021-09-25T21:47:05","date_gmt":"2021-09-25T19:47:05","guid":{"rendered":"https:\/\/meier-gerdingh.de\/wp-spd-ob\/?p=8347"},"modified":"2021-09-25T21:47:05","modified_gmt":"2021-09-25T19:47:05","slug":"querungshilfe-auf-der-dorstener-strasse","status":"publish","type":"post","link":"https:\/\/meier-gerdingh.de\/wp-spd-ob\/2021\/09\/25\/querungshilfe-auf-der-dorstener-strasse\/","title":{"rendered":"Querungshilfe auf der Dorstener Stra\u00dfe"},"content":{"rendered":"<p><a href=\"https:\/\/meier-gerdingh.de\/wp-spd-ob\/wp-content\/uploads\/2021\/04\/ov-osterfeld-logo.png\"><img decoding=\"async\" class=\"alignleft size-full wp-image-8142\" src=\"https:\/\/meier-gerdingh.de\/wp-spd-ob\/wp-content\/uploads\/2021\/04\/ov-osterfeld-logo.png\" alt=\"\" width=\"200\" height=\"200\" srcset=\"https:\/\/meier-gerdingh.de\/wp-spd-ob\/wp-content\/uploads\/2021\/04\/ov-osterfeld-logo.png 200w, https:\/\/meier-gerdingh.de\/wp-spd-ob\/wp-content\/uploads\/2021\/04\/ov-osterfeld-logo-150x150.png 150w\" sizes=\"(max-width: 200px) 100vw, 200px\" \/><\/a>Im November 2020 f\u00fchrte der SPD-Ortsverein Osterfeld eine Facebook-Umfrage wegen einer Querungshilfe auf der Dorstener Stra\u00dfe durch.<br \/>\nDie Insel auf dieser Stra\u00dfe wurde mittlerweile umgebaut. Jetzt k\u00f6nnen auch Rollstuhlfahrer*innen und Eltern mit Kinderwagen an dieser Stelle gefahrlos die viel befahrene Dorstener Stra\u00dfe \u00fcberqueren.<!--more--><\/p>\n<p>Aufgrund unseres &#8222;Osterfelder Ohrs Digital&#8220;, bei dem viele sich \u00fcber die Situation vor Ort beklagten, haben wir einen Antrag zum Umbau der Insel in die Bezirksvertretung eingebracht.<\/p>\n<p>Vielen Dank an die Verwaltung f\u00fcr die Umsetzung.<\/p>\n","protected":false},"excerpt":{"rendered":"<p>Im November 2020 f\u00fchrte der SPD-Ortsverein Osterfeld eine Facebook-Umfrage wegen einer Querungshilfe auf der Dorstener Stra\u00dfe durch. Die Insel auf dieser Stra\u00dfe wurde mittlerweile umgebaut. Jetzt k\u00f6nnen auch Rollstuhlfahrer*innen und&hellip; <\/p>\n","protected":false},"author":1,"featured_media":0,"comment_status":"closed","ping_status":"closed","sticky":false,"template":"","format":"standard","meta":{"footnotes":""},"categories":[27,167],"tags":[185,2525,1542],"quellen":[339],"class_list":["post-8347","post","type-post","status-publish","format-standard","hentry","category-planen-bauen-wohnen-verkehr","category-stadtteile","tag-bezirksvertretung-osterfeld","tag-dorstener-strasse","tag-osterfelder-ohr","quellen-ov-osterfeld"],"_links":{"self":[{"href":"https:\/\/meier-gerdingh.de\/wp-spd-ob\/wp-json\/wp\/v2\/posts\/8347","targetHints":{"allow":["GET"]}}],"collection":[{"href":"https:\/\/meier-gerdingh.de\/wp-spd-ob\/wp-json\/wp\/v2\/posts"}],"about":[{"href":"https:\/\/meier-gerdingh.de\/wp-spd-ob\/wp-json\/wp\/v2\/types\/post"}],"author":[{"embeddable":true,"href":"https:\/\/meier-gerdingh.de\/wp-spd-ob\/wp-json\/wp\/v2\/users\/1"}],"replies":[{"embeddable":true,"href":"https:\/\/meier-gerdingh.de\/wp-spd-ob\/wp-json\/wp\/v2\/comments?post=8347"}],"version-history":[{"count":0,"href":"https:\/\/meier-gerdingh.de\/wp-spd-ob\/wp-json\/wp\/v2\/posts\/8347\/revisions"}],"wp:attachment":[{"href":"https:\/\/meier-gerdingh.de\/wp-spd-ob\/wp-json\/wp\/v2\/media?parent=8347"}],"wp:term":[{"taxonomy":"category","embeddable":true,"href":"https:\/\/meier-gerdingh.de\/wp-spd-ob\/wp-json\/wp\/v2\/categories?post=8347"},{"taxonomy":"post_tag","embeddable":true,"href":"https:\/\/meier-gerdingh.de\/wp-spd-ob\/wp-json\/wp\/v2\/tags?post=8347"},{"taxonomy":"quellen","embeddable":true,"href":"https:\/\/meier-gerdingh.de\/wp-spd-ob\/wp-json\/wp\/v2\/quellen?post=8347"}],"curies":[{"name":"wp","href":"https:\/\/api.w.org\/{rel}","templated":true}]}}