{"id":8352,"date":"2021-10-07T19:14:46","date_gmt":"2021-10-07T17:14:46","guid":{"rendered":"https:\/\/meier-gerdingh.de\/wp-spd-ob\/?p=8352"},"modified":"2021-10-07T19:14:46","modified_gmt":"2021-10-07T17:14:46","slug":"hendrik-wuest-ist-nicht-der-richtige-ministerpraesident-fuer-nrw","status":"publish","type":"post","link":"https:\/\/meier-gerdingh.de\/wp-spd-ob\/2021\/10\/07\/hendrik-wuest-ist-nicht-der-richtige-ministerpraesident-fuer-nrw\/","title":{"rendered":"Hendrik W\u00fcst ist nicht der richtige Ministerpr\u00e4sident f\u00fcr NRW"},"content":{"rendered":"<div id=\"attachment_4242\" style=\"width: 150px\" class=\"wp-caption alignleft\"><a href=\"https:\/\/meier-gerdingh.de\/wp-spd-ob\/wp-content\/uploads\/2017\/05\/zimkeit_stefan_17.jpg\"><img aria-describedby=\"caption-attachment-4242\" decoding=\"async\" class=\"size-full wp-image-4242\" src=\"https:\/\/meier-gerdingh.de\/wp-spd-ob\/wp-content\/uploads\/2017\/05\/zimkeit_stefan_17.jpg\" alt=\"\" width=\"140\" height=\"192\" \/><\/a><p id=\"caption-attachment-4242\" class=\"wp-caption-text\">Stefan Zimkeit ist Landtagsabgeordneter f\u00fcr Oberhausen-Sterkrade und Dinslaken sowie haushalts- und finanzpolitischer Sprecher der SPD-Landtagsfraktion<\/p><\/div>\n<p>&#8222;Ein einfaches &#8218;Weiter so&#8216; darf es in NRW nicht geben&#8220;, sagt Stefan Zimkeit (SPD) als Reaktion auf \u00c4u\u00dferungen des Oberhausener CDU-Abgeordneten Wilhelm Hausmann. &#8222;Die dramatische Lage an Schulen und Kitas, die sehr schwierige Finanzlage der St\u00e4dte, auch gerade in Oberhausen, und die gro\u00dfen Herausforderungen des Klimawandels m\u00fcssen endlich angepackt werden. Nur die Person des Ministerpr\u00e4sidenten auszuwechseln, l\u00e4sst NRW weiter zur\u00fcckfallen&#8220;, bef\u00fcrchtet der Landtagsabgeordnete Zimkeit.<\/p>\n<p>Beim Lob des CDU-Vorsitzenden Hausmann f\u00fcr seinen Parteifreund Hendrik W\u00fcst sei auff\u00e4llig, dass Hausmann den Kanzlerkandidaten Armin Laschet mit \u00e4hnlichen Worten gelobt hatte.<!--more--><\/p>\n<p>&#8222;Aus meiner Sicht ist W\u00fcst nicht der richtige Ministerpr\u00e4sident f\u00fcr NRW&#8220;, betont Stefan Zimkeit &#8222;Er ist Vertreter des Wirtschaftsfl\u00fcgels der CDU und steht nicht f\u00fcr Arbeitnehmerinteressen.&#8220; Als Laschets Verkehrsminister sei er daf\u00fcr zust\u00e4ndig gewesen, das CDU-Wahlversprechen einzul\u00f6sen, die Staus in NRW massiv abzubauen. &#8222;Daran ist er gescheitert&#8220;, weist Zimkeit beispielhaft auf das Chaos um die Leverkusener Br\u00fccke hin.<\/p>\n<p>&#8222;Auch bei den notwendigen Verbesserungen bei Bussen und Bahnen sowie im Radverkehr geht es nicht voran.&#8220; Zudem habe W\u00fcst sich zwar \u00f6ffentlich f\u00fcr die Abschaffung der Stra\u00dfenausbaugeb\u00fchren ausgesprochen, habe im Landtag aber dann mehrmals dagegen gestimmt. &#8222;Der von Laschet vorgeschlagenen W\u00fcst steht als Mitglied der Landesregierung f\u00fcr ein &#8218;Weiter so&#8216; und nicht f\u00fcr die notwendige Erneuerung des Landes.&#8220;<\/p>\n<p>Stefan Zimkeit ist davon \u00fcberzeugt, dass NRW jetzt einen sozialen und wirtschaftlichen Neustart braucht. &#8222;Die massiven Probleme in Schulen und Kitas m\u00fcssen angepackt statt sch\u00f6ngeredet werden. Damit die Mieten nicht weiter explodieren brauchen wir mehr sozialen Wohnungsbau statt weniger. Statt sinkenden Investitionen brauchen wir mehr Investitionen in Schulen, Klimaschutz und Infrastruktur&#8220;, sagt der SPD-Finanzexperte.<\/p>\n","protected":false},"excerpt":{"rendered":"<p>&#8222;Ein einfaches &#8218;Weiter so&#8216; darf es in NRW nicht geben&#8220;, sagt Stefan Zimkeit (SPD) als Reaktion auf \u00c4u\u00dferungen des Oberhausener CDU-Abgeordneten Wilhelm Hausmann. &#8222;Die dramatische Lage an Schulen und Kitas,&hellip; <\/p>\n","protected":false},"author":1,"featured_media":0,"comment_status":"closed","ping_status":"closed","sticky":false,"template":"","format":"standard","meta":{"footnotes":""},"categories":[216],"tags":[2994,2991,2992,2159,2993],"quellen":[331],"class_list":["post-8352","post","type-post","status-publish","format-standard","hentry","category-land","tag-hendrik-wuest","tag-landesregierung-nrw","tag-nrw-ministerpraesident","tag-strassenausbaugebuehren","tag-verkehrsminister","quellen-mdl-stefan-zimkeit"],"_links":{"self":[{"href":"https:\/\/meier-gerdingh.de\/wp-spd-ob\/wp-json\/wp\/v2\/posts\/8352","targetHints":{"allow":["GET"]}}],"collection":[{"href":"https:\/\/meier-gerdingh.de\/wp-spd-ob\/wp-json\/wp\/v2\/posts"}],"about":[{"href":"https:\/\/meier-gerdingh.de\/wp-spd-ob\/wp-json\/wp\/v2\/types\/post"}],"author":[{"embeddable":true,"href":"https:\/\/meier-gerdingh.de\/wp-spd-ob\/wp-json\/wp\/v2\/users\/1"}],"replies":[{"embeddable":true,"href":"https:\/\/meier-gerdingh.de\/wp-spd-ob\/wp-json\/wp\/v2\/comments?post=8352"}],"version-history":[{"count":0,"href":"https:\/\/meier-gerdingh.de\/wp-spd-ob\/wp-json\/wp\/v2\/posts\/8352\/revisions"}],"wp:attachment":[{"href":"https:\/\/meier-gerdingh.de\/wp-spd-ob\/wp-json\/wp\/v2\/media?parent=8352"}],"wp:term":[{"taxonomy":"category","embeddable":true,"href":"https:\/\/meier-gerdingh.de\/wp-spd-ob\/wp-json\/wp\/v2\/categories?post=8352"},{"taxonomy":"post_tag","embeddable":true,"href":"https:\/\/meier-gerdingh.de\/wp-spd-ob\/wp-json\/wp\/v2\/tags?post=8352"},{"taxonomy":"quellen","embeddable":true,"href":"https:\/\/meier-gerdingh.de\/wp-spd-ob\/wp-json\/wp\/v2\/quellen?post=8352"}],"curies":[{"name":"wp","href":"https:\/\/api.w.org\/{rel}","templated":true}]}}