{"id":8359,"date":"2021-10-15T20:11:55","date_gmt":"2021-10-15T18:11:55","guid":{"rendered":"https:\/\/meier-gerdingh.de\/wp-spd-ob\/?p=8359"},"modified":"2021-11-01T19:11:40","modified_gmt":"2021-11-01T18:11:40","slug":"spd-ortsverein-west-begruesst-initiative-zur-klimagerechten-weiterentwicklung","status":"publish","type":"post","link":"https:\/\/meier-gerdingh.de\/wp-spd-ob\/2021\/10\/15\/spd-ortsverein-west-begruesst-initiative-zur-klimagerechten-weiterentwicklung\/","title":{"rendered":"SPD-Ortsverein West begr\u00fc\u00dft Initiative zur klimagerechten Weiterentwicklung"},"content":{"rendered":"<p><a href=\"https:\/\/meier-gerdingh.de\/wp-spd-ob\/wp-content\/uploads\/banner_ov_west_neu.jpg\"><img decoding=\"async\" src=\"https:\/\/meier-gerdingh.de\/wp-spd-ob\/wp-content\/uploads\/banner_ov_west_neu.jpg\" alt=\"\" width=\"600\" height=\"150\" class=\"aligncenter size-full wp-image-1778\" srcset=\"https:\/\/meier-gerdingh.de\/wp-spd-ob\/wp-content\/uploads\/banner_ov_west_neu.jpg 600w, https:\/\/meier-gerdingh.de\/wp-spd-ob\/wp-content\/uploads\/banner_ov_west_neu-300x75.jpg 300w\" sizes=\"(max-width: 600px) 100vw, 600px\" \/><\/a><\/p>\n<div id=\"attachment_8189\" style=\"width: 170px\" class=\"wp-caption alignleft\"><a href=\"https:\/\/meier-gerdingh.de\/wp-spd-ob\/wp-content\/uploads\/2021\/05\/look-dietmar-2020-lg.jpg\"><img aria-describedby=\"caption-attachment-8189\" decoding=\"async\" class=\"size-full wp-image-8189\" src=\"https:\/\/meier-gerdingh.de\/wp-spd-ob\/wp-content\/uploads\/2021\/05\/look-dietmar-2020.jpg\" alt=\"\" width=\"160\" height=\"200\" \/><\/a><p id=\"caption-attachment-8189\" class=\"wp-caption-text\">Dietmar Look ist Mitglied des Rates f\u00fcr Alstaden-West und sportpolitischer Sprecher der SPD-Ratsfraktion<\/p><\/div>\n<p>Der SPD-Ortsverein Oberhausen-West, zust\u00e4ndig f\u00fcr die Stadtteile Alstaden und Lirich, begr\u00fc\u00dft die Initiative der Oberhausener Stadtverwaltung, f\u00fcr die klimagerechte Weiterentwicklung des Biotops &#8222;Halde Alstaden&#8220; F\u00f6rdermittel im Rahmen des REACT-EU-F\u00f6rderaufrufs &#8222;Gr\u00fcne Infrastruktur&#8220; zu beantragen.<\/p>\n<p>&#8222;Die EU-F\u00f6rdermittel schaffen die Voraussetzungen, gleich zwei wichtige Ziele zu verbinden: den gezielten Naturschutz und die Steigerung des Freizeitwerts der Ruhrauen. Das ist besonders wichtig, da das Biotop und die Ruhrauen als Erholungsraum f\u00fcr die Menschen in Alstaden von \u00fcberragender Bedeutung sind!&#8220;, sagt Dietmar Look, zust\u00e4ndiger SPD-Stadtverordneter f\u00fcr Alstaden-West.<!--more--><\/p>\n<p>Als Ma\u00dfnahme f\u00fcr den Naturschutz k\u00f6nnten beispielsweise Nistk\u00e4sten f\u00fcr seltene Vogelarten installiert werden. Daneben besteht die Idee, Projekte umzusetzen, die den Menschen ein noch unmittelbareres Erleben der Natur erm\u00f6glichen. Hier wurden etwa der Bau einer Aussichtsplattform, die Aufstellung von Informationstafeln oder besondere p\u00e4dagogische Angebote f\u00fcr die J\u00fcngsten vorgeschlagen.<\/p>\n<p>Das F\u00f6rderprogramm bietet somit die M\u00f6glichkeit, Ma\u00dfnahmen, die bereits mit Blick auf die Internationale Gartenausstellung IGA 2027 diskutiert wurden, einige Jahre fr\u00fcher zu realisieren.<\/p>\n","protected":false},"excerpt":{"rendered":"<p>Der SPD-Ortsverein Oberhausen-West, zust\u00e4ndig f\u00fcr die Stadtteile Alstaden und Lirich, begr\u00fc\u00dft die Initiative der Oberhausener Stadtverwaltung, f\u00fcr die klimagerechte Weiterentwicklung des Biotops &#8222;Halde Alstaden&#8220; F\u00f6rdermittel im Rahmen des REACT-EU-F\u00f6rderaufrufs &#8222;Gr\u00fcne&hellip; <\/p>\n","protected":false},"author":1,"featured_media":0,"comment_status":"closed","ping_status":"closed","sticky":false,"template":"","format":"standard","meta":{"footnotes":""},"categories":[167,29],"tags":[134,3008,1866,957,3009,2775,484,222],"quellen":[335],"class_list":["post-8359","post","type-post","status-publish","format-standard","hentry","category-stadtteile","category-umwelt","tag-alstaden","tag-biotop-halde-alstaden","tag-eu-foerderung","tag-foerdermittel","tag-iga-2027","tag-internationale-gartenausstellung-2027","tag-klimaschutz","tag-ruhrauen","quellen-ov-west"],"_links":{"self":[{"href":"https:\/\/meier-gerdingh.de\/wp-spd-ob\/wp-json\/wp\/v2\/posts\/8359","targetHints":{"allow":["GET"]}}],"collection":[{"href":"https:\/\/meier-gerdingh.de\/wp-spd-ob\/wp-json\/wp\/v2\/posts"}],"about":[{"href":"https:\/\/meier-gerdingh.de\/wp-spd-ob\/wp-json\/wp\/v2\/types\/post"}],"author":[{"embeddable":true,"href":"https:\/\/meier-gerdingh.de\/wp-spd-ob\/wp-json\/wp\/v2\/users\/1"}],"replies":[{"embeddable":true,"href":"https:\/\/meier-gerdingh.de\/wp-spd-ob\/wp-json\/wp\/v2\/comments?post=8359"}],"version-history":[{"count":0,"href":"https:\/\/meier-gerdingh.de\/wp-spd-ob\/wp-json\/wp\/v2\/posts\/8359\/revisions"}],"wp:attachment":[{"href":"https:\/\/meier-gerdingh.de\/wp-spd-ob\/wp-json\/wp\/v2\/media?parent=8359"}],"wp:term":[{"taxonomy":"category","embeddable":true,"href":"https:\/\/meier-gerdingh.de\/wp-spd-ob\/wp-json\/wp\/v2\/categories?post=8359"},{"taxonomy":"post_tag","embeddable":true,"href":"https:\/\/meier-gerdingh.de\/wp-spd-ob\/wp-json\/wp\/v2\/tags?post=8359"},{"taxonomy":"quellen","embeddable":true,"href":"https:\/\/meier-gerdingh.de\/wp-spd-ob\/wp-json\/wp\/v2\/quellen?post=8359"}],"curies":[{"name":"wp","href":"https:\/\/api.w.org\/{rel}","templated":true}]}}